{"id":73945,"date":"2021-09-07T16:07:55","date_gmt":"2021-09-07T15:07:55","guid":{"rendered":"http:\/\/2horizontes.com\/?p=73945"},"modified":"2021-09-07T16:07:57","modified_gmt":"2021-09-07T15:07:57","slug":"rd-notifica-115-nuevos-contagios-covid-19-y-una-sola-defuncion","status":"publish","type":"post","link":"https:\/\/2horizontes.com\/?p=73945","title":{"rendered":"RD notifica 115 nuevos contagios Covid-19 y una sola defunci\u00f3n"},"content":{"rendered":"\n<p>SANTO DOMINGO.- Rep\u00fablica Dominicana notific\u00f3 este martes 115 nuevos contagios de Covid-19 y solo una defunci\u00f3n por esa causa, pero aclar\u00f3 que no ocurri\u00f3 en las \u00faltimas 24 horas.<\/p>\n\n\n\n<p>El bolet\u00edn 537 de la Direcci\u00f3n General de Epidemiologia (DIGEPI) refleja 41 casos menos que el lunes, cuando fueron reportados 156.<\/p>\n\n\n\n<p><strong>Casos activos<\/strong><\/p>\n\n\n\n<p>Los casos activos son 4,942 casos activos, mientras 343,054 personas se han recuperado de la enfermedad.<\/p>\n\n\n\n<p>El informe indica que en las \u00faltimas 24 horas fueron procesadas 3,108 pruebas.<\/p>\n\n\n\n<p>En el Distrito Nacional fueron reportados 39 nuevos contagios, en la provincia Santo Domingo 40, Santiago 12, San Pedro de Macor\u00eds 4, Puerto Plata 3, Espaillat 3 e Independencia 0.<\/p>\n\n\n\n<p>El total de muertos por COVID-19 en Rep\u00fablica Dominicana es de 4,013, el 25.27% de los cuales era hipertenso y el 15.77% diab\u00e9tico.<\/p>\n\n\n\n<p>Entre los infectados hay 1,409 trabajadores de la salud, 1,228 embarazadas y 38,050 menores de 20 a\u00f1os.<\/p>\n\n\n\n<p><strong>Ocupaci\u00f3n hospitalaria<\/strong><\/p>\n\n\n\n<p>En el pa\u00eds hay disponibilidad de 2,604 camas para pacientes de COVID, de las cuales 400 est\u00e1n ocupadas (15%).<\/p>\n\n\n\n<p>Hay disponibles 609 camas en unidades de cuidados intensivos, de las cuales 121 est\u00e1n ocupadas (20%), mientras que 519 ventiladores disponibles en la red hospitalaria, hay 77 ocupados (15%).<\/p>\n\n\n\n<p><strong>Cifras de contagios y muertes<\/strong><\/p>\n\n\n\n<p>1 septiembre \u2013 295 contagios, 0 defunciones<\/p>\n\n\n\n<p>2 septiembre \u2013 321 contagios, 1 defunci\u00f3n<\/p>\n\n\n\n<p>3 septiembre \u2013 411 contagios, 0 defunci\u00f3n<\/p>\n\n\n\n<p>4 septiembre \u2013 253 contagios, 3 defunciones<\/p>\n\n\n\n<p>5 septiembre \u2013 285 contagios, 1 defunci\u00f3n<\/p>\n\n\n\n<p>6 septiembre \u2013 156 contagios, 0 defunciones<\/p>\n\n\n\n<p>7 septiembre \u2013 115 contagios, 1 defunci\u00f3n<\/p>\n","protected":false},"excerpt":{"rendered":"<p>SANTO DOMINGO.- Rep\u00fablica Dominicana notific\u00f3 este martes 115 nuevos contagios de Covid-19 y solo una defunci\u00f3n por esa causa, pero aclar\u00f3 que no ocurri\u00f3 en las \u00faltimas 24 horas. El bolet\u00edn 537 de la Direcci\u00f3n General de Epidemiologia (DIGEPI) refleja 41 casos menos que el lunes, cuando fueron reportados 156. Casos activos Los casos activos [&hellip;]<\/p>\n","protected":false},"author":1,"featured_media":73946,"comment_status":"open","ping_status":"open","sticky":false,"template":"","format":"standard","meta":{"footnotes":""},"categories":[44,45],"tags":[],"class_list":["post-73945","post","type-post","status-publish","format-standard","has-post-thumbnail","hentry","category-republica-dominicana","category-salud"],"_links":{"self":[{"href":"https:\/\/2horizontes.com\/index.php?rest_route=\/wp\/v2\/posts\/73945","targetHints":{"allow":["GET"]}}],"collection":[{"href":"https:\/\/2horizontes.com\/index.php?rest_route=\/wp\/v2\/posts"}],"about":[{"href":"https:\/\/2horizontes.com\/index.php?rest_route=\/wp\/v2\/types\/post"}],"author":[{"embeddable":true,"href":"https:\/\/2horizontes.com\/index.php?rest_route=\/wp\/v2\/users\/1"}],"replies":[{"embeddable":true,"href":"https:\/\/2horizontes.com\/index.php?rest_route=%2Fwp%2Fv2%2Fcomments&post=73945"}],"version-history":[{"count":1,"href":"https:\/\/2horizontes.com\/index.php?rest_route=\/wp\/v2\/posts\/73945\/revisions"}],"predecessor-version":[{"id":73947,"href":"https:\/\/2horizontes.com\/index.php?rest_route=\/wp\/v2\/posts\/73945\/revisions\/73947"}],"wp:featuredmedia":[{"embeddable":true,"href":"https:\/\/2horizontes.com\/index.php?rest_route=\/wp\/v2\/media\/73946"}],"wp:attachment":[{"href":"https:\/\/2horizontes.com\/index.php?rest_route=%2Fwp%2Fv2%2Fmedia&parent=73945"}],"wp:term":[{"taxonomy":"category","embeddable":true,"href":"https:\/\/2horizontes.com\/index.php?rest_route=%2Fwp%2Fv2%2Fcategories&post=73945"},{"taxonomy":"post_tag","embeddable":true,"href":"https:\/\/2horizontes.com\/index.php?rest_route=%2Fwp%2Fv2%2Ftags&post=73945"}],"curies":[{"name":"wp","href":"https:\/\/api.w.org\/{rel}","templated":true}]}}