{"id":73922,"date":"2021-09-03T15:35:02","date_gmt":"2021-09-03T14:35:02","guid":{"rendered":"http:\/\/2horizontes.com\/?p=73922"},"modified":"2021-09-03T15:35:05","modified_gmt":"2021-09-03T14:35:05","slug":"rd-notifica-411-nuevos-contagios-covid-y-ninguna-defuncion","status":"publish","type":"post","link":"https:\/\/2horizontes.com\/?p=73922","title":{"rendered":"RD notifica 411 nuevos contagios Covid y ninguna defunci\u00f3n"},"content":{"rendered":"\n<p>SANTO DOMINGO.-&nbsp;Rep\u00fablica Dominicana notific\u00f3 este viernes 411 nuevos contagios de Covid-19 y ninguna defunci\u00f3n por esa causa en las \u00faltimas 24 horas.<\/p>\n\n\n\n<p>El bolet\u00edn 533 de la Direcci\u00f3n General de Epidemiologia (DIGEPI) refleja 90 casos m\u00e1s que el mi\u00e9rcoles, cuando fueron reportados 321.<\/p>\n\n\n\n<p><strong>Casos activos<\/strong><\/p>\n\n\n\n<p>Los casos activos son 5,119 casos activos, mientras 342,022 personas se han recuperado de la enfermedad.<\/p>\n\n\n\n<p>El informe indica que en las \u00faltimas 24 horas fueron procesadas 5,678 pruebas.<\/p>\n\n\n\n<p>En el Distrito Nacional fueron reportados 42 nuevos contagios, en la provincia Santo Domingo 61, Santiago 133, La Vega 37, Espaillat 20, Valverde 11, Duarte 11, San Crist\u00f3bal 10, La Algracia 10, Puerto Plata 10 y La Romana 9.<\/p>\n\n\n\n<p>El total de muertos por COVID-19 en Rep\u00fablica Dominicana es de 4,008, el 25.29% de los cuales era hipertenso y el 15.79% diab\u00e9tico.<\/p>\n\n\n\n<p>Entre los infectados hay 1,409 trabajadores de la salud, 1,228 embarazadas y 38,050 menores de 20 a\u00f1os.<\/p>\n\n\n\n<p><strong>Ocupaci\u00f3n hospitalaria<\/strong><\/p>\n\n\n\n<p>En el pa\u00eds hay disponibilidad de 2,604 camas para pacientes de COVID, de las cuales 429 est\u00e1n ocupadas (16%).<\/p>\n\n\n\n<p>Hay disponibles 609 camas en unidades de cuidados intensivos, de las cuales 140 est\u00e1n ocupadas (23%), mientras que 519 ventiladores disponibles en la red hospitalaria, hay 87 ocupados (17%).<\/p>\n\n\n\n<p><strong>Cifras de contagios y muertes<\/strong><\/p>\n\n\n\n<p>1 septiembre \u2013 295 contagios, 0 defunciones<\/p>\n\n\n\n<p>2 septiembre \u2013 321 contagios, 1 defunci\u00f3n<\/p>\n\n\n\n<p>3 septiembre \u2013 411 contagios, 0 defunci\u00f3n<\/p>\n","protected":false},"excerpt":{"rendered":"<p>SANTO DOMINGO.-&nbsp;Rep\u00fablica Dominicana notific\u00f3 este viernes 411 nuevos contagios de Covid-19 y ninguna defunci\u00f3n por esa causa en las \u00faltimas 24 horas. El bolet\u00edn 533 de la Direcci\u00f3n General de Epidemiologia (DIGEPI) refleja 90 casos m\u00e1s que el mi\u00e9rcoles, cuando fueron reportados 321. Casos activos Los casos activos son 5,119 casos activos, mientras 342,022 personas [&hellip;]<\/p>\n","protected":false},"author":1,"featured_media":73923,"comment_status":"open","ping_status":"open","sticky":false,"template":"","format":"standard","meta":{"footnotes":""},"categories":[45],"tags":[],"class_list":["post-73922","post","type-post","status-publish","format-standard","has-post-thumbnail","hentry","category-salud"],"_links":{"self":[{"href":"https:\/\/2horizontes.com\/index.php?rest_route=\/wp\/v2\/posts\/73922","targetHints":{"allow":["GET"]}}],"collection":[{"href":"https:\/\/2horizontes.com\/index.php?rest_route=\/wp\/v2\/posts"}],"about":[{"href":"https:\/\/2horizontes.com\/index.php?rest_route=\/wp\/v2\/types\/post"}],"author":[{"embeddable":true,"href":"https:\/\/2horizontes.com\/index.php?rest_route=\/wp\/v2\/users\/1"}],"replies":[{"embeddable":true,"href":"https:\/\/2horizontes.com\/index.php?rest_route=%2Fwp%2Fv2%2Fcomments&post=73922"}],"version-history":[{"count":1,"href":"https:\/\/2horizontes.com\/index.php?rest_route=\/wp\/v2\/posts\/73922\/revisions"}],"predecessor-version":[{"id":73924,"href":"https:\/\/2horizontes.com\/index.php?rest_route=\/wp\/v2\/posts\/73922\/revisions\/73924"}],"wp:featuredmedia":[{"embeddable":true,"href":"https:\/\/2horizontes.com\/index.php?rest_route=\/wp\/v2\/media\/73923"}],"wp:attachment":[{"href":"https:\/\/2horizontes.com\/index.php?rest_route=%2Fwp%2Fv2%2Fmedia&parent=73922"}],"wp:term":[{"taxonomy":"category","embeddable":true,"href":"https:\/\/2horizontes.com\/index.php?rest_route=%2Fwp%2Fv2%2Fcategories&post=73922"},{"taxonomy":"post_tag","embeddable":true,"href":"https:\/\/2horizontes.com\/index.php?rest_route=%2Fwp%2Fv2%2Ftags&post=73922"}],"curies":[{"name":"wp","href":"https:\/\/api.w.org\/{rel}","templated":true}]}}