{"id":73871,"date":"2021-07-08T12:43:52","date_gmt":"2021-07-08T11:43:52","guid":{"rendered":"http:\/\/2horizontes.com\/?p=73871"},"modified":"2021-07-08T12:43:57","modified_gmt":"2021-07-08T11:43:57","slug":"reanudan-hoy-juicio-en-dominicana-a-implicados-caso-sobornos-odebrecht","status":"publish","type":"post","link":"https:\/\/2horizontes.com\/?p=73871","title":{"rendered":"Reanudan hoy juicio en Dominicana a implicados caso sobornos Odebrecht"},"content":{"rendered":"\n<p>Santo Domingo, 8 jul \u2013 El Primer Tribunal Colegiado del Distrito Nacional dominicano reanuda hoy en esta capital, el juicio de fondo que se le sigue a seis imputados por el caso Odebrecht.<\/p>\n\n\n\n<p>La audiencia fue aplazada, por tercera vez, el pasado 28 de junio debido a que la jueza Jisell Naranjo estaba a la espera de la prueba negativa de la Covid-19, luego de resultar contagiada con la enfermedad .<\/p>\n\n\n\n<p>Este jueves le corresponde al acusado Conrado Pittaluga presentar sus pruebas a descargo e intentar desmontar las acusaciones que pesan en su contra.<\/p>\n\n\n\n<p>Pittaluga asegura ser inocente y no haber recibido sobornos de la constructora brasile\u00f1a como establece el Ministerio P\u00fablico, y plantea que los dineros que llegaron a sus manos fueron por conceptos de servicios profesionales prestados.<\/p>\n\n\n\n<p>El caso Odebrecht se sigue en este pa\u00eds desde 2017 y a los acusados los juzgan por recibir sobornos de parte de la constructora brasile\u00f1a para la adjudicaci\u00f3n de obras del Estado por un valor de 92 millones de d\u00f3lares.<\/p>\n\n\n\n<p>La entidad lleg\u00f3 a un acuerdo con la Procuradur\u00eda para pagar a este pa\u00eds 184 millones de d\u00f3lares en varias cuotas, el doble de lo entregado en sobornos.<\/p>\n\n\n\n<p>mem\/ema<\/p>\n","protected":false},"excerpt":{"rendered":"<p>Santo Domingo, 8 jul \u2013 El Primer Tribunal Colegiado del Distrito Nacional dominicano reanuda hoy en esta capital, el juicio de fondo que se le sigue a seis imputados por el caso Odebrecht. La audiencia fue aplazada, por tercera vez, el pasado 28 de junio debido a que la jueza Jisell Naranjo estaba a la [&hellip;]<\/p>\n","protected":false},"author":4,"featured_media":73872,"comment_status":"open","ping_status":"open","sticky":false,"template":"","format":"standard","meta":{"footnotes":""},"categories":[63,43,44],"tags":[],"class_list":["post-73871","post","type-post","status-publish","format-standard","has-post-thumbnail","hentry","category-economia","category-politica","category-republica-dominicana"],"_links":{"self":[{"href":"https:\/\/2horizontes.com\/index.php?rest_route=\/wp\/v2\/posts\/73871","targetHints":{"allow":["GET"]}}],"collection":[{"href":"https:\/\/2horizontes.com\/index.php?rest_route=\/wp\/v2\/posts"}],"about":[{"href":"https:\/\/2horizontes.com\/index.php?rest_route=\/wp\/v2\/types\/post"}],"author":[{"embeddable":true,"href":"https:\/\/2horizontes.com\/index.php?rest_route=\/wp\/v2\/users\/4"}],"replies":[{"embeddable":true,"href":"https:\/\/2horizontes.com\/index.php?rest_route=%2Fwp%2Fv2%2Fcomments&post=73871"}],"version-history":[{"count":1,"href":"https:\/\/2horizontes.com\/index.php?rest_route=\/wp\/v2\/posts\/73871\/revisions"}],"predecessor-version":[{"id":73873,"href":"https:\/\/2horizontes.com\/index.php?rest_route=\/wp\/v2\/posts\/73871\/revisions\/73873"}],"wp:featuredmedia":[{"embeddable":true,"href":"https:\/\/2horizontes.com\/index.php?rest_route=\/wp\/v2\/media\/73872"}],"wp:attachment":[{"href":"https:\/\/2horizontes.com\/index.php?rest_route=%2Fwp%2Fv2%2Fmedia&parent=73871"}],"wp:term":[{"taxonomy":"category","embeddable":true,"href":"https:\/\/2horizontes.com\/index.php?rest_route=%2Fwp%2Fv2%2Fcategories&post=73871"},{"taxonomy":"post_tag","embeddable":true,"href":"https:\/\/2horizontes.com\/index.php?rest_route=%2Fwp%2Fv2%2Ftags&post=73871"}],"curies":[{"name":"wp","href":"https:\/\/api.w.org\/{rel}","templated":true}]}}