{"id":73868,"date":"2021-07-08T12:41:42","date_gmt":"2021-07-08T11:41:42","guid":{"rendered":"http:\/\/2horizontes.com\/?p=73868"},"modified":"2021-07-08T12:41:44","modified_gmt":"2021-07-08T11:41:44","slug":"jueza-decide-hoy-si-encarcela-o-no-al-ex-procurador-general-a-otros-siete","status":"publish","type":"post","link":"https:\/\/2horizontes.com\/?p=73868","title":{"rendered":"Jueza decide hoy si encarcela o no al Ex Procurador General a otros siete"},"content":{"rendered":"\n<p>SANTO DOMINGO.- Una jueza de esta capital decidir\u00e1 hoy si dicta o no prisi\u00f3n preventiva en contra del exprocurador general Jean Alain Rodr\u00edguez, y otros exfuncionarios del Ministerio P\u00fablico acusados de encabezar una red de corrupci\u00f3n durante el pasado gobierno de Danilo Medina.<\/p>\n\n\n\n<p>La magistrada Kenia Romero conocer\u00e1 el caso a media ma\u00f1ana en el &nbsp;Juzgado de Atenci\u00f3n Permanente del Distrito Nacional.<\/p>\n\n\n\n<p>Tras una investigaci\u00f3n denominada \u201cOperaci\u00f3n Medusa\u201d, el Ministerio P\u00fablico ha pedido prisi\u00f3n preventiva contra Rodr\u00edguez y sus excolaboradores Miguel Jos\u00e9 Moya, Rafael Antonio Mercedes Marte, Alfredo Alexander Solano Augusto, Javier Alejandro Forteza Ibarra, Jonnathan Josel Rodr\u00edguez Imbert, Jenny Marte Pe\u00f1a y Altagracia Guill\u00e9n Calzado.<\/p>\n\n\n\n<p>Acusa al grupo de corrupci\u00f3n y lavado de activos y otros delitos graves.<\/p>\n\n\n\n<p>Rodr\u00edguez ha pedido p\u00fablicamente que la audiencia sea transmitida en vivo por televisi\u00f3n, pero las autoridades no han respondido.<\/p>\n\n\n\n<div class=\"wp-block-image\"><figure class=\"alignleft\"><a href=\"https:\/\/almomento.net\/wp-content\/uploads\/2021\/07\/Gr%C3%A1fico-Caso-Medusa-1.jpg\"><img decoding=\"async\" src=\"https:\/\/almomento.net\/wp-content\/uploads\/2021\/07\/Gr%C3%A1fico-Caso-Medusa-1.jpg\" alt=\"\" class=\"wp-image-717297\"\/><\/a><\/figure><\/div>\n","protected":false},"excerpt":{"rendered":"<p>SANTO DOMINGO.- Una jueza de esta capital decidir\u00e1 hoy si dicta o no prisi\u00f3n preventiva en contra del exprocurador general Jean Alain Rodr\u00edguez, y otros exfuncionarios del Ministerio P\u00fablico acusados de encabezar una red de corrupci\u00f3n durante el pasado gobierno de Danilo Medina. La magistrada Kenia Romero conocer\u00e1 el caso a media ma\u00f1ana en el [&hellip;]<\/p>\n","protected":false},"author":4,"featured_media":73869,"comment_status":"open","ping_status":"open","sticky":false,"template":"","format":"standard","meta":{"footnotes":""},"categories":[43,44],"tags":[],"class_list":["post-73868","post","type-post","status-publish","format-standard","has-post-thumbnail","hentry","category-politica","category-republica-dominicana"],"_links":{"self":[{"href":"https:\/\/2horizontes.com\/index.php?rest_route=\/wp\/v2\/posts\/73868","targetHints":{"allow":["GET"]}}],"collection":[{"href":"https:\/\/2horizontes.com\/index.php?rest_route=\/wp\/v2\/posts"}],"about":[{"href":"https:\/\/2horizontes.com\/index.php?rest_route=\/wp\/v2\/types\/post"}],"author":[{"embeddable":true,"href":"https:\/\/2horizontes.com\/index.php?rest_route=\/wp\/v2\/users\/4"}],"replies":[{"embeddable":true,"href":"https:\/\/2horizontes.com\/index.php?rest_route=%2Fwp%2Fv2%2Fcomments&post=73868"}],"version-history":[{"count":1,"href":"https:\/\/2horizontes.com\/index.php?rest_route=\/wp\/v2\/posts\/73868\/revisions"}],"predecessor-version":[{"id":73870,"href":"https:\/\/2horizontes.com\/index.php?rest_route=\/wp\/v2\/posts\/73868\/revisions\/73870"}],"wp:featuredmedia":[{"embeddable":true,"href":"https:\/\/2horizontes.com\/index.php?rest_route=\/wp\/v2\/media\/73869"}],"wp:attachment":[{"href":"https:\/\/2horizontes.com\/index.php?rest_route=%2Fwp%2Fv2%2Fmedia&parent=73868"}],"wp:term":[{"taxonomy":"category","embeddable":true,"href":"https:\/\/2horizontes.com\/index.php?rest_route=%2Fwp%2Fv2%2Fcategories&post=73868"},{"taxonomy":"post_tag","embeddable":true,"href":"https:\/\/2horizontes.com\/index.php?rest_route=%2Fwp%2Fv2%2Ftags&post=73868"}],"curies":[{"name":"wp","href":"https:\/\/api.w.org\/{rel}","templated":true}]}}