{"id":73852,"date":"2021-07-08T12:12:10","date_gmt":"2021-07-08T11:12:10","guid":{"rendered":"http:\/\/2horizontes.com\/?p=73852"},"modified":"2021-07-08T12:16:12","modified_gmt":"2021-07-08T11:16:12","slug":"el-dr-rafael-emilio-chalas-vice-consul-en-el-consulado-dominicano-de-madrid-fue-designado-como-encargado-del-departamento-de-asistencia-social-y-del-seguro-de-repatriacion","status":"publish","type":"post","link":"https:\/\/2horizontes.com\/?p=73852","title":{"rendered":"El Dr. Rafael Emilio Chalas, Vice-c\u00f3nsul en el Consulado Dominicano de Madrid fue designado como encargado del departamento de Asistencia Social y del Seguro de Repatriaci\u00f3n."},"content":{"rendered":"\n<p>El funcionario expres\u00f3 lo siguiente:<\/p>\n\n\n\n<p>Solo quiero decirle a nuestra di\u00e1spora\u00a0 qu\u00e9 por orden del excelent\u00edsimo se\u00f1or presidente Lu\u00eds Rodolfo Abinader Corona,que nuestra funci\u00f3n es servir, ayudar y proteger a todos los Dominicanos residentes en la madre patria.<\/p>\n\n\n\n<p>El lema de \u00e9sta oficina es. (ABIERTA SIEMPRE )., En favor de cada dominicano sin importar las circunstancias por la cual necesite de nuestra ayuda.<\/p>\n\n\n\n<p>Estaremos presentes en las actividades deportivas, culturales, en las c\u00e1rceles, en los hospitales donde se encuentren dominicanos por cualquier circunstancia qu\u00e9 se encuentren pueden contar con nuestro apoyo y ayuda hasta all\u00e1 llegaremos. <\/p>\n\n\n\n<p><img loading=\"lazy\" decoding=\"async\" width=\"150\" height=\"125\" class=\"wp-image-73854\" style=\"width: 150px;\" src=\"http:\/\/2horizontes.com\/wp-content\/uploads\/2021\/07\/ddd-300x249-1.png\" alt=\"\"><\/p>\n\n\n\n<p><\/p>\n","protected":false},"excerpt":{"rendered":"<p>El funcionario expres\u00f3 lo siguiente: Solo quiero decirle a nuestra di\u00e1spora\u00a0 qu\u00e9 por orden del excelent\u00edsimo se\u00f1or presidente Lu\u00eds Rodolfo Abinader Corona,que nuestra funci\u00f3n es servir, ayudar y proteger a todos los Dominicanos residentes en la madre patria. El lema de \u00e9sta oficina es. (ABIERTA SIEMPRE )., En favor de cada dominicano sin importar las [&hellip;]<\/p>\n","protected":false},"author":4,"featured_media":73853,"comment_status":"open","ping_status":"open","sticky":false,"template":"","format":"standard","meta":{"footnotes":""},"categories":[62,46,85,43],"tags":[],"class_list":["post-73852","post","type-post","status-publish","format-standard","has-post-thumbnail","hentry","category-cultura","category-dominicanos-en-madrid","category-espana","category-politica"],"_links":{"self":[{"href":"https:\/\/2horizontes.com\/index.php?rest_route=\/wp\/v2\/posts\/73852","targetHints":{"allow":["GET"]}}],"collection":[{"href":"https:\/\/2horizontes.com\/index.php?rest_route=\/wp\/v2\/posts"}],"about":[{"href":"https:\/\/2horizontes.com\/index.php?rest_route=\/wp\/v2\/types\/post"}],"author":[{"embeddable":true,"href":"https:\/\/2horizontes.com\/index.php?rest_route=\/wp\/v2\/users\/4"}],"replies":[{"embeddable":true,"href":"https:\/\/2horizontes.com\/index.php?rest_route=%2Fwp%2Fv2%2Fcomments&post=73852"}],"version-history":[{"count":2,"href":"https:\/\/2horizontes.com\/index.php?rest_route=\/wp\/v2\/posts\/73852\/revisions"}],"predecessor-version":[{"id":73857,"href":"https:\/\/2horizontes.com\/index.php?rest_route=\/wp\/v2\/posts\/73852\/revisions\/73857"}],"wp:featuredmedia":[{"embeddable":true,"href":"https:\/\/2horizontes.com\/index.php?rest_route=\/wp\/v2\/media\/73853"}],"wp:attachment":[{"href":"https:\/\/2horizontes.com\/index.php?rest_route=%2Fwp%2Fv2%2Fmedia&parent=73852"}],"wp:term":[{"taxonomy":"category","embeddable":true,"href":"https:\/\/2horizontes.com\/index.php?rest_route=%2Fwp%2Fv2%2Fcategories&post=73852"},{"taxonomy":"post_tag","embeddable":true,"href":"https:\/\/2horizontes.com\/index.php?rest_route=%2Fwp%2Fv2%2Ftags&post=73852"}],"curies":[{"name":"wp","href":"https:\/\/api.w.org\/{rel}","templated":true}]}}