{"id":73846,"date":"2021-07-07T13:26:57","date_gmt":"2021-07-07T12:26:57","guid":{"rendered":"http:\/\/2horizontes.com\/?p=73846"},"modified":"2021-07-07T13:27:00","modified_gmt":"2021-07-07T12:27:00","slug":"murio-este-martes-por-covid-director-de-la-emisora-z101-willie-rodriguez","status":"publish","type":"post","link":"https:\/\/2horizontes.com\/?p=73846","title":{"rendered":"Muri\u00f3 este martes por COVID director de la emisora Z101, Willie Rodr\u00edguez"},"content":{"rendered":"\n<p>Santo Domingo, 6 jul \u2013 El director de la radio Z101, Willie Rodr\u00edguez, falleci\u00f3 este martes a los 72 a\u00f1os de edad debido a complicaciones m\u00e9dicas a causa de la covid-19.<\/p>\n\n\n\n<p>El Centro de Diagn\u00f3stico, Medicina Avanzada y Telemedicina (Cedimat), donde se encontraba hospitalizado desde finales de junio, confirm\u00f3 el deceso de Rodr\u00edguez, conocido como la Leyenda.<\/p>\n\n\n\n<p>La administraci\u00f3n de la Z101, y su presidente, Bienvenido Rodr\u00edguez, expresaron sus m\u00e1s profundas condolencias a los familiares de Rodr\u00edguez, quien labor\u00f3 35 a\u00f1os en la emisora.<\/p>\n\n\n\n<p>En la ma\u00f1ana del martes, la Z101 inform\u00f3 del empeoramiento del estado de salud del radiodifusor, que sufri\u00f3 varias hemorragias cerebrales en las horas precedentes, por las complicaciones de la covid-19.<\/p>\n\n\n\n<p>Rodr\u00edguez comenz\u00f3 a trabajar en la radio La Vega en 1962 y pas\u00f3 por varias emisoras hasta recalar en la Z101, donde desde 1986 puso en marcha el programa \u00abEl Gobierno de la Ma\u00f1ana\u00bb, que sigue en el aire hoy en d\u00eda y sigue siendo un espacio de referencia en la radio dominicana.<\/p>\n\n\n\n<p>En su trayectoria como locutor de radio fue objeto de muchos reconocimientos y galardones por su labor profesional.<\/p>\n\n\n\n<p>Numerosas personalidades de la pol\u00edtica, del periodismo y de otros \u00e1mbitos se hicieron eco de la noticia de su deceso y expresaron sus condolencias a sus familiares.<\/p>\n\n\n\n<p>Entre ellos, el presidente Luis Abinader transmiti\u00f3 su p\u00e9same a trav\u00e9s de Twitter y destac\u00f3 que \u00absus aportes a la comunicaci\u00f3n de nuestro pa\u00eds le hicieron ganar su tan merecido apodo \u2018La Leyenda de La Radio&#8217;\u00bb.<\/p>\n\n\n\n<p>La portavoz del Gobierno, Milagros Germ\u00e1n, subray\u00f3 que \u00abRodr\u00edguez llev\u00f3 su voz a muchos rincones del pa\u00eds y del mundo. En momentos dif\u00edciles, en medio de huracanes y tormentas se aferr\u00f3 a su micr\u00f3fono para ayudar. Gracias Willy por forjar una radio moderna que escucha a la gente. Nos dejas un gran regalo. Descansa en paz\u00bb.EFE<\/p>\n\n\n\n<p>mp<\/p>\n","protected":false},"excerpt":{"rendered":"<p>Santo Domingo, 6 jul \u2013 El director de la radio Z101, Willie Rodr\u00edguez, falleci\u00f3 este martes a los 72 a\u00f1os de edad debido a complicaciones m\u00e9dicas a causa de la covid-19. El Centro de Diagn\u00f3stico, Medicina Avanzada y Telemedicina (Cedimat), donde se encontraba hospitalizado desde finales de junio, confirm\u00f3 el deceso de Rodr\u00edguez, conocido como [&hellip;]<\/p>\n","protected":false},"author":4,"featured_media":73847,"comment_status":"open","ping_status":"open","sticky":false,"template":"","format":"standard","meta":{"footnotes":""},"categories":[44],"tags":[],"class_list":["post-73846","post","type-post","status-publish","format-standard","has-post-thumbnail","hentry","category-republica-dominicana"],"_links":{"self":[{"href":"https:\/\/2horizontes.com\/index.php?rest_route=\/wp\/v2\/posts\/73846","targetHints":{"allow":["GET"]}}],"collection":[{"href":"https:\/\/2horizontes.com\/index.php?rest_route=\/wp\/v2\/posts"}],"about":[{"href":"https:\/\/2horizontes.com\/index.php?rest_route=\/wp\/v2\/types\/post"}],"author":[{"embeddable":true,"href":"https:\/\/2horizontes.com\/index.php?rest_route=\/wp\/v2\/users\/4"}],"replies":[{"embeddable":true,"href":"https:\/\/2horizontes.com\/index.php?rest_route=%2Fwp%2Fv2%2Fcomments&post=73846"}],"version-history":[{"count":1,"href":"https:\/\/2horizontes.com\/index.php?rest_route=\/wp\/v2\/posts\/73846\/revisions"}],"predecessor-version":[{"id":73848,"href":"https:\/\/2horizontes.com\/index.php?rest_route=\/wp\/v2\/posts\/73846\/revisions\/73848"}],"wp:featuredmedia":[{"embeddable":true,"href":"https:\/\/2horizontes.com\/index.php?rest_route=\/wp\/v2\/media\/73847"}],"wp:attachment":[{"href":"https:\/\/2horizontes.com\/index.php?rest_route=%2Fwp%2Fv2%2Fmedia&parent=73846"}],"wp:term":[{"taxonomy":"category","embeddable":true,"href":"https:\/\/2horizontes.com\/index.php?rest_route=%2Fwp%2Fv2%2Fcategories&post=73846"},{"taxonomy":"post_tag","embeddable":true,"href":"https:\/\/2horizontes.com\/index.php?rest_route=%2Fwp%2Fv2%2Ftags&post=73846"}],"curies":[{"name":"wp","href":"https:\/\/api.w.org\/{rel}","templated":true}]}}