{"id":73758,"date":"2021-06-03T13:06:12","date_gmt":"2021-06-03T12:06:12","guid":{"rendered":"http:\/\/2horizontes.com\/?p=73758"},"modified":"2021-06-03T13:06:15","modified_gmt":"2021-06-03T12:06:15","slug":"realizan-octava-entrega-premios-patrios-dominicanos","status":"publish","type":"post","link":"https:\/\/2horizontes.com\/?p=73758","title":{"rendered":"Realizan octava entrega Premios  Patrios  Dominicanos"},"content":{"rendered":"\n<p>Santo Domingo. Fueron entregados&nbsp; el pasado s\u00e1bado la octava versi\u00f3n de los Premios Patrios&nbsp; Dominicanos.<br>El acto tuvo lugar en la Sala Cultural Aida&nbsp; Bonelly de&nbsp; D\u00edaz&nbsp;del Teatro Nacional&nbsp; y tuvo especial&nbsp; dedicatoria a las estilistas dominicanas.&nbsp;<br>La directora de la entidad organizadora de las premiaciones G\u00e9nova Navarro, ofreci\u00f3 el saludo de bienvenida a los presentes.<\/p>\n\n\n\n<p>Durante el acto se premiaron igualmente a personalidades del&nbsp;<br>\u00e1mbito art\u00edstico, deportivo, cultural y de la medicina, cuyos&nbsp;<br>protagonistas han dedicado a\u00f1os de sus vidas al servicio del pa\u00eds.&nbsp;&nbsp;<br>En la gala fueron premiados: Jos\u00e9 Ram\u00f3n Otazu, de nacionalidad&nbsp;<br>espa\u00f1ola pero hijo adoptado del pa\u00eds con una gran trayectoria en&nbsp;<br>la peluquer\u00eda.<br>Tambi\u00e9n Jos\u00e9 Almonte, presidente y fundador de laboratorios Noruel,&nbsp;<br>Wilson Manuel (La figura), en el \u00e1mbito art\u00edstico, Mar\u00eda Aurelina&nbsp;<br>Est\u00e9vez Abreu, Fundadora de Prolactar Rep\u00fablica&nbsp; Dominicana.&nbsp;&nbsp;<br>Entre los estilistas Galardonados se encuentran Tamara Alag\u00f3n, Mar\u00eda Consuelo Tejada, Josefina Jim\u00e9nez, Cristina Ram\u00edrez,&nbsp;<br>Leonardo S\u00e1nchez, Margarita Tejada Zacar\u00edas, Sandra Ota\u00f1o Familia, Juana Magui Sosa, Xiomara Hern\u00e1ndez, Yira Garc\u00eda, Jos\u00e9 Luis Est\u00e9vez, entre otros.<br>Los Galardones y estatuillas especiales fueron entregados a:&nbsp;<br>Leonor Rosado Polanco, por ser una de las pioneras de la&nbsp;<br>educaci\u00f3n en cuanto a belleza se refiere con la academia Nacidit.&nbsp;<br>Recibi\u00f3 un galard\u00f3n asimismo, el asesor de Salud de la presidencia Jos\u00e9 Rodr\u00edguez Soldevila, Fundador del Colegio M\u00e9dico&nbsp;<br>Dominicano y Ministro de Salud P\u00fablica.<br>El Mayor General, Tirso Roa Castillo, Fundador del Hospital de la&nbsp;<br>Polic\u00eda y Presidente del Instituto de Cardiolog\u00eda, as\u00ed&nbsp; como el vicepresidente de los Premios Patrios&nbsp; Dominicano&nbsp;Juan Vald\u00e9z Mena, Presidente fundador de la Asociaci\u00f3n&nbsp;<br>Dominicana de Ligas de Clubes, Presidente de Advitam y&nbsp;<br>poseedor de los premios Mar\u00edn Mu\u00f1oz y Sable de Plata Sim\u00f3n&nbsp;<br>Bol\u00edvar.<br>Las estilistas fueron contactadas por el se\u00f1or M\u00e1ximo P\u00e9rez,&nbsp;<br>quien las recomend\u00f3 a Premios Patrios Dominicanos por la trayectoria&nbsp;<br>profesional de cada una.&nbsp;<\/p>\n\n\n\n<p>La directora y fundadora de los&nbsp; Fundaci\u00f3n Premios Patrios Dominicanos, G\u00e9nova Navarro, felicit\u00f3 a los galardonados y agradeci\u00f3 todo el respaldo&nbsp; recibido&nbsp; para la celebraci\u00f3n&nbsp; del evento que resalta el m\u00e9rito de cada dominicano destacado en sus diferentes \u00e1reas .<br>Los&nbsp; galardonados agradecieron&nbsp; la distinci\u00f3n exhortando a su directora a continuar con estas premiaciones&nbsp; que reconocen el valor que posee cada dominicano en sus respectivos&nbsp; \u00e1mbitos.&nbsp;&nbsp;<br>La licenciada Alma Ram\u00edrez, fungi\u00f3 como maestra de ceremonia, teniendo&nbsp; a su cargo la coordinaci\u00f3n del evento junto a&nbsp;el Mayor General, Luis Pedro Bison\u00f3.&nbsp;<\/p>\n","protected":false},"excerpt":{"rendered":"<p>Santo Domingo. Fueron entregados&nbsp; el pasado s\u00e1bado la octava versi\u00f3n de los Premios Patrios&nbsp; Dominicanos.El acto tuvo lugar en la Sala Cultural Aida&nbsp; Bonelly de&nbsp; D\u00edaz&nbsp;del Teatro Nacional&nbsp; y tuvo especial&nbsp; dedicatoria a las estilistas dominicanas.&nbsp;La directora de la entidad organizadora de las premiaciones G\u00e9nova Navarro, ofreci\u00f3 el saludo de bienvenida a los presentes. Durante [&hellip;]<\/p>\n","protected":false},"author":1,"featured_media":73759,"comment_status":"open","ping_status":"open","sticky":false,"template":"","format":"standard","meta":{"footnotes":""},"categories":[62,40,44],"tags":[],"class_list":["post-73758","post","type-post","status-publish","format-standard","has-post-thumbnail","hentry","category-cultura","category-internacionales","category-republica-dominicana"],"_links":{"self":[{"href":"https:\/\/2horizontes.com\/index.php?rest_route=\/wp\/v2\/posts\/73758","targetHints":{"allow":["GET"]}}],"collection":[{"href":"https:\/\/2horizontes.com\/index.php?rest_route=\/wp\/v2\/posts"}],"about":[{"href":"https:\/\/2horizontes.com\/index.php?rest_route=\/wp\/v2\/types\/post"}],"author":[{"embeddable":true,"href":"https:\/\/2horizontes.com\/index.php?rest_route=\/wp\/v2\/users\/1"}],"replies":[{"embeddable":true,"href":"https:\/\/2horizontes.com\/index.php?rest_route=%2Fwp%2Fv2%2Fcomments&post=73758"}],"version-history":[{"count":1,"href":"https:\/\/2horizontes.com\/index.php?rest_route=\/wp\/v2\/posts\/73758\/revisions"}],"predecessor-version":[{"id":73760,"href":"https:\/\/2horizontes.com\/index.php?rest_route=\/wp\/v2\/posts\/73758\/revisions\/73760"}],"wp:featuredmedia":[{"embeddable":true,"href":"https:\/\/2horizontes.com\/index.php?rest_route=\/wp\/v2\/media\/73759"}],"wp:attachment":[{"href":"https:\/\/2horizontes.com\/index.php?rest_route=%2Fwp%2Fv2%2Fmedia&parent=73758"}],"wp:term":[{"taxonomy":"category","embeddable":true,"href":"https:\/\/2horizontes.com\/index.php?rest_route=%2Fwp%2Fv2%2Fcategories&post=73758"},{"taxonomy":"post_tag","embeddable":true,"href":"https:\/\/2horizontes.com\/index.php?rest_route=%2Fwp%2Fv2%2Ftags&post=73758"}],"curies":[{"name":"wp","href":"https:\/\/api.w.org\/{rel}","templated":true}]}}