{"id":7364,"date":"2015-05-16T19:42:05","date_gmt":"2015-05-16T18:42:05","guid":{"rendered":"http:\/\/2horizontes.com\/?p=7364"},"modified":"2015-05-16T19:42:05","modified_gmt":"2015-05-16T18:42:05","slug":"felipe-gonzalez-suspende-su-visita-a-caracas","status":"publish","type":"post","link":"https:\/\/2horizontes.com\/?p=7364","title":{"rendered":"Felipe Gonz\u00e1lez suspende su visita a Caracas"},"content":{"rendered":"<div id=\"ArticleAuthorDiv\" class=\"article-body-author\"><b>AP<\/b><\/div>\n<div id=\"ArticleSourceDiv\" class=\"article-body-author\"><b>Caracas<\/b><\/div>\n<div id=\"ArticleBody\">El expresidente espa\u00f1ol Felipe Gonz\u00e1lez suspendi\u00f3 la visita que ten\u00eda previsto realizar a Caracas para prestar apoyo legal a dos dirigentes opositores encarcelados, inform\u00f3 ayer un portavoz del pol\u00edtico.Gonz\u00e1lez decidi\u00f3 aplazar el viaje que iba a efectuar a la capital venezolana el 18 de mayo para prestar apoyo a los abogados del dirigente Leopoldo L\u00f3pez y del alcalde metropolitano de Caracas, Antonio Ledezma, dijo a la AP Joaqu\u00edn Tagar, portavoz del expresidente, a trav\u00e9s de un mensaje de correo.<\/p>\n<p>Tagar expres\u00f3 que el exmandatario \u00absuspende el viaje hasta que se fije una nueva fecha para la vista oral\u00bb. La mayor\u00eda oficialista de la Asamblea Nacional aprob\u00f3 el mes pasado un acuerdo en que se declar\u00f3 persona non grata a Gonz\u00e1lez por apoyar a L\u00f3pez y a Ledezma.<\/p>\n<p>Gonz\u00e1lez, abogado de profesi\u00f3n, anunci\u00f3 en marzo que asesorar\u00eda a los defensores de L\u00f3pez y Ledezma por petici\u00f3n de los familiares de \u00e9stos. La decisi\u00f3n del exmandatario espa\u00f1ol gener\u00f3 fuertes cr\u00edticas de parte del presidente Nicol\u00e1s Maduro y otros altos dirigentes oficialistas. \u00a0\u00a0 \u00a0 Gonz\u00e1lez, de 73 a\u00f1os, gobern\u00f3 Espa\u00f1a entre 1982 y 1996.<\/p>\n<p>L\u00f3pez fue detenido en febrero del 2014, acusado de promover hechos violentos en la capital, mientras que Ledezma fue arrestado hace casi tres meses y acusado de los delitos de conspiraci\u00f3n y asociaci\u00f3n para delinquir.<\/p>\n<p>L\u00f3pez permanece recluido en la c\u00e1rcel militar de Ramo Verde, a las afueras de la capital venezolana, y Ledezma se encuentra bajo arresto domiciliario luego de ser sometido el mes pasado a una operaci\u00f3n de una hernia inguinal.<\/p>\n<\/div>\n","protected":false},"excerpt":{"rendered":"<p>AP Caracas El expresidente espa\u00f1ol Felipe Gonz\u00e1lez suspendi\u00f3 la visita que ten\u00eda previsto realizar a Caracas para prestar apoyo legal a dos dirigentes opositores encarcelados, inform\u00f3 ayer un portavoz del pol\u00edtico.Gonz\u00e1lez decidi\u00f3 aplazar el viaje que iba a efectuar a la capital venezolana el 18 de mayo para prestar apoyo a los abogados del dirigente [&hellip;]<\/p>\n","protected":false},"author":7,"featured_media":7367,"comment_status":"open","ping_status":"open","sticky":false,"template":"","format":"standard","meta":{"footnotes":""},"categories":[40,48],"tags":[],"class_list":["post-7364","post","type-post","status-publish","format-standard","has-post-thumbnail","hentry","category-internacionales","category-venezuela"],"_links":{"self":[{"href":"https:\/\/2horizontes.com\/index.php?rest_route=\/wp\/v2\/posts\/7364","targetHints":{"allow":["GET"]}}],"collection":[{"href":"https:\/\/2horizontes.com\/index.php?rest_route=\/wp\/v2\/posts"}],"about":[{"href":"https:\/\/2horizontes.com\/index.php?rest_route=\/wp\/v2\/types\/post"}],"author":[{"embeddable":true,"href":"https:\/\/2horizontes.com\/index.php?rest_route=\/wp\/v2\/users\/7"}],"replies":[{"embeddable":true,"href":"https:\/\/2horizontes.com\/index.php?rest_route=%2Fwp%2Fv2%2Fcomments&post=7364"}],"version-history":[{"count":1,"href":"https:\/\/2horizontes.com\/index.php?rest_route=\/wp\/v2\/posts\/7364\/revisions"}],"predecessor-version":[{"id":7368,"href":"https:\/\/2horizontes.com\/index.php?rest_route=\/wp\/v2\/posts\/7364\/revisions\/7368"}],"wp:featuredmedia":[{"embeddable":true,"href":"https:\/\/2horizontes.com\/index.php?rest_route=\/wp\/v2\/media\/7367"}],"wp:attachment":[{"href":"https:\/\/2horizontes.com\/index.php?rest_route=%2Fwp%2Fv2%2Fmedia&parent=7364"}],"wp:term":[{"taxonomy":"category","embeddable":true,"href":"https:\/\/2horizontes.com\/index.php?rest_route=%2Fwp%2Fv2%2Fcategories&post=7364"},{"taxonomy":"post_tag","embeddable":true,"href":"https:\/\/2horizontes.com\/index.php?rest_route=%2Fwp%2Fv2%2Ftags&post=7364"}],"curies":[{"name":"wp","href":"https:\/\/api.w.org\/{rel}","templated":true}]}}