{"id":73627,"date":"2021-05-12T15:16:30","date_gmt":"2021-05-12T14:16:30","guid":{"rendered":"http:\/\/2horizontes.com\/?p=73627"},"modified":"2021-05-12T15:16:32","modified_gmt":"2021-05-12T14:16:32","slug":"abinader-destaca-que-150-mil-personas-fueron-vacunadas-ayer-llama-a-los-jovenes-acudir-a-los-centros","status":"publish","type":"post","link":"https:\/\/2horizontes.com\/?p=73627","title":{"rendered":"Abinader destaca que 150 mil personas fueron vacunadas ayer; llama a los j\u00f3venes acudir a los centros"},"content":{"rendered":"\n<p><strong>Santo Domingo, RD<\/strong><\/p>\n\n\n\n<p>Por primera vez desde que inici\u00f3 el Plan de Vacunaci\u00f3n en el pa\u00eds se inocularon 150 mil personas en un d\u00eda.<\/p>\n\n\n\n<p>El presidente Luis Abinader comparti\u00f3 la noticia la ma\u00f1ana de este mi\u00e9rcoles a trav\u00e9s de cuenta de Twitter, al indicar que la Fase III de # Vac\u00fanateRD que inici\u00f3 el pasado lunes, contin\u00faa con buen ritmo.<\/p>\n\n\n\n<p>El mandatario dominicano exhort\u00f3 a los j\u00f3venes de 18 a\u00f1os en adelante y a la poblaci\u00f3n en edad de vacunarse a acudir a los centros de vacunaci\u00f3n<\/p>\n\n\n\n<p>\u201cContin\u00faa con buen ritmo la Fase III de #Vac\u00fanateRD; m\u00e1s de 150 mil personas fueron vacunadas ayer. Exhorto a todos los j\u00f3venes de 18 a\u00f1os en adelante y a la poblaci\u00f3n en edad de vacunarse a acudir a los centros de vacunaci\u00f3n ubicados en todo el pa\u00eds. \u00a1Juntos saldremos de esto!\u201d, escribi\u00f3 el mandatario en su cuenta en la red social Twitter.<\/p>\n","protected":false},"excerpt":{"rendered":"<p>Santo Domingo, RD Por primera vez desde que inici\u00f3 el Plan de Vacunaci\u00f3n en el pa\u00eds se inocularon 150 mil personas en un d\u00eda. El presidente Luis Abinader comparti\u00f3 la noticia la ma\u00f1ana de este mi\u00e9rcoles a trav\u00e9s de cuenta de Twitter, al indicar que la Fase III de # Vac\u00fanateRD que inici\u00f3 el pasado [&hellip;]<\/p>\n","protected":false},"author":4,"featured_media":73628,"comment_status":"open","ping_status":"open","sticky":false,"template":"","format":"standard","meta":{"footnotes":""},"categories":[43,44,45],"tags":[],"class_list":["post-73627","post","type-post","status-publish","format-standard","has-post-thumbnail","hentry","category-politica","category-republica-dominicana","category-salud"],"_links":{"self":[{"href":"https:\/\/2horizontes.com\/index.php?rest_route=\/wp\/v2\/posts\/73627","targetHints":{"allow":["GET"]}}],"collection":[{"href":"https:\/\/2horizontes.com\/index.php?rest_route=\/wp\/v2\/posts"}],"about":[{"href":"https:\/\/2horizontes.com\/index.php?rest_route=\/wp\/v2\/types\/post"}],"author":[{"embeddable":true,"href":"https:\/\/2horizontes.com\/index.php?rest_route=\/wp\/v2\/users\/4"}],"replies":[{"embeddable":true,"href":"https:\/\/2horizontes.com\/index.php?rest_route=%2Fwp%2Fv2%2Fcomments&post=73627"}],"version-history":[{"count":1,"href":"https:\/\/2horizontes.com\/index.php?rest_route=\/wp\/v2\/posts\/73627\/revisions"}],"predecessor-version":[{"id":73629,"href":"https:\/\/2horizontes.com\/index.php?rest_route=\/wp\/v2\/posts\/73627\/revisions\/73629"}],"wp:featuredmedia":[{"embeddable":true,"href":"https:\/\/2horizontes.com\/index.php?rest_route=\/wp\/v2\/media\/73628"}],"wp:attachment":[{"href":"https:\/\/2horizontes.com\/index.php?rest_route=%2Fwp%2Fv2%2Fmedia&parent=73627"}],"wp:term":[{"taxonomy":"category","embeddable":true,"href":"https:\/\/2horizontes.com\/index.php?rest_route=%2Fwp%2Fv2%2Fcategories&post=73627"},{"taxonomy":"post_tag","embeddable":true,"href":"https:\/\/2horizontes.com\/index.php?rest_route=%2Fwp%2Fv2%2Ftags&post=73627"}],"curies":[{"name":"wp","href":"https:\/\/api.w.org\/{rel}","templated":true}]}}