{"id":73617,"date":"2021-05-11T15:17:35","date_gmt":"2021-05-11T14:17:35","guid":{"rendered":"http:\/\/2horizontes.com\/?p=73617"},"modified":"2021-05-11T15:17:38","modified_gmt":"2021-05-11T14:17:38","slug":"jose-pedro-el-cuerpo-de-la-guardia-civil-ser-mister-gay-el-reto-mas-atrevido-del-extremeno","status":"publish","type":"post","link":"https:\/\/2horizontes.com\/?p=73617","title":{"rendered":"Jos\u00e9 Pedro, el cuerpo de la Guardia Civil: ser Mister Gay, el reto m\u00e1s atrevido del extreme\u00f1o"},"content":{"rendered":"\n<p>Su objetivo principal es visibilizar al colectivo LGTBI dentro de la Benem\u00e9rita y, sobre todo, del mundo rural. \u00abYo he nacido, he vivido y he huido de all\u00ed\u00bb.<\/p>\n\n\n\n<p id=\"paragraph_1\"><strong>Jos\u00e9 Pedro Sageras<\/strong>\u00a0es\u00a0miembro de la\u00a0<strong>Guardia Civil<\/strong>. Pero, a pesar de su cargo, hace un a\u00f1o decidi\u00f3 dar el paso:\u00a0mostrarse como es \u00e9l, sin costuras, sin miedo. Desde peque\u00f1o sufri\u00f3 bulliyng por ser gay y ahora quiere que ninguna otra persona pase por lo mismo que \u00e9l. Por ello se present\u00f3 al \u00faltimo certamen de\u00a0<strong>Mr. Gay Pride Espa\u00f1a<\/strong>, donde representar\u00e1 a su tierra:\u00a0<strong>Extremadura<\/strong>.<\/p>\n\n\n\n<p id=\"paragraph_2\">Lo que m\u00e1s ha sorprendido de este candidato es su profesi\u00f3n: un guardia civil que se presenta a Mister Gay. \u00c9l dice que no comprende el revuelo que se ha formado, aunque sea esto quiz\u00e1s lo que haga fundamental su visibilizaci\u00f3n.<\/p>\n\n\n\n<p>En el cuerpo, los compa\u00f1eros le apoyan, desde la escala b\u00e1sica hasta los jefes. \u00abNo entiendo por qu\u00e9 tanto asombro por el tema de mi profesi\u00f3n. Pertenezco desde 2018\u00a0<strong>LGTBIPol<\/strong>, una asociaci\u00f3n donde somos agentes de la autoridad por la diversidad. Se lucha por la visibilidad dentro de las\u00a0<strong>FCSE del colectivo LGTBI<\/strong>\u00ab.<\/p>\n","protected":false},"excerpt":{"rendered":"<p>Su objetivo principal es visibilizar al colectivo LGTBI dentro de la Benem\u00e9rita y, sobre todo, del mundo rural. \u00abYo he nacido, he vivido y he huido de all\u00ed\u00bb. Jos\u00e9 Pedro Sageras\u00a0es\u00a0miembro de la\u00a0Guardia Civil. Pero, a pesar de su cargo, hace un a\u00f1o decidi\u00f3 dar el paso:\u00a0mostrarse como es \u00e9l, sin costuras, sin miedo. Desde [&hellip;]<\/p>\n","protected":false},"author":4,"featured_media":73618,"comment_status":"open","ping_status":"open","sticky":false,"template":"","format":"standard","meta":{"footnotes":""},"categories":[85,57],"tags":[],"class_list":["post-73617","post","type-post","status-publish","format-standard","has-post-thumbnail","hentry","category-espana","category-mundo-gay"],"_links":{"self":[{"href":"https:\/\/2horizontes.com\/index.php?rest_route=\/wp\/v2\/posts\/73617","targetHints":{"allow":["GET"]}}],"collection":[{"href":"https:\/\/2horizontes.com\/index.php?rest_route=\/wp\/v2\/posts"}],"about":[{"href":"https:\/\/2horizontes.com\/index.php?rest_route=\/wp\/v2\/types\/post"}],"author":[{"embeddable":true,"href":"https:\/\/2horizontes.com\/index.php?rest_route=\/wp\/v2\/users\/4"}],"replies":[{"embeddable":true,"href":"https:\/\/2horizontes.com\/index.php?rest_route=%2Fwp%2Fv2%2Fcomments&post=73617"}],"version-history":[{"count":1,"href":"https:\/\/2horizontes.com\/index.php?rest_route=\/wp\/v2\/posts\/73617\/revisions"}],"predecessor-version":[{"id":73619,"href":"https:\/\/2horizontes.com\/index.php?rest_route=\/wp\/v2\/posts\/73617\/revisions\/73619"}],"wp:featuredmedia":[{"embeddable":true,"href":"https:\/\/2horizontes.com\/index.php?rest_route=\/wp\/v2\/media\/73618"}],"wp:attachment":[{"href":"https:\/\/2horizontes.com\/index.php?rest_route=%2Fwp%2Fv2%2Fmedia&parent=73617"}],"wp:term":[{"taxonomy":"category","embeddable":true,"href":"https:\/\/2horizontes.com\/index.php?rest_route=%2Fwp%2Fv2%2Fcategories&post=73617"},{"taxonomy":"post_tag","embeddable":true,"href":"https:\/\/2horizontes.com\/index.php?rest_route=%2Fwp%2Fv2%2Ftags&post=73617"}],"curies":[{"name":"wp","href":"https:\/\/api.w.org\/{rel}","templated":true}]}}