{"id":73614,"date":"2021-05-11T15:11:00","date_gmt":"2021-05-11T14:11:00","guid":{"rendered":"http:\/\/2horizontes.com\/?p=73614"},"modified":"2021-05-11T15:11:02","modified_gmt":"2021-05-11T14:11:02","slug":"sanchez-no-tiene-plan-b-si-el-supremo-rechaza-las-restricciones-vacunar-vacunar-y-vacunar","status":"publish","type":"post","link":"https:\/\/2horizontes.com\/?p=73614","title":{"rendered":"S\u00e1nchez no tiene plan B: si el Supremo rechaza las restricciones, \u00abvacunar, vacunar y vacunar\u00bb"},"content":{"rendered":"\n<p>S\u00e1nchez pide \u00abcoherencia\u00bb y asegura que \u00abel estado de alarma es el pasado\u00bb. \u00abHay que mirar al futuro, que se llama vacunaci\u00f3n, vacunaci\u00f3n y vacunaci\u00f3n\u00bb.<\/p>\n\n\n\n<p id=\"paragraph_1\"><strong>Pedro S\u00e1nchez no parece tener plan B.<\/strong>\u00a0Despu\u00e9s del galimat\u00edas declarativo de sus ministros este lunes, cuando\u00a0<strong>Juan Carlos Campo<\/strong>, titular de Justicia, primero abri\u00f3 la puerta a cambios legales\u00a0y luego la cerr\u00f3, S\u00e1nchez solo propuso \u00abvacunas\u00bb, recurso al Consejo Interterritorial de Salud y confianza en la \u00abnueva etapa que estamos abriendo\u00bb.<\/p>\n\n\n\n<p id=\"paragraph_2\">S\u00e1nchez ha pedido este martes\u00a0<strong>\u00abcoherencia\u00bb a la oposici\u00f3n<\/strong>, a la que reproch\u00f3 \u00abechar de menos el estado de alarma ahora despu\u00e9s de haberlo rechazado\u00bb. Tambi\u00e9n seguridad jur\u00eddica y \u00abgarant\u00edas legales\u00bb porque, dijo, \u00abuna ley ordinaria nunca ser\u00e1 la v\u00eda de restringir derechos fundamentales\u00bb. Y es que si hay una cosa que el presidente tiene clara es que<a href=\"https:\/\/www.elespanol.com\/espana\/politica\/20210510\/gobierno-ahora-ccaa-pidan-alarma-estudiara-apoyara\/580192251_0.html\"><\/a><strong>\u00abel estado de alarma es el pasado\u00bb.<\/strong>\u00a0<\/p>\n\n\n\n<p id=\"paragraph_3\">En resumen, que si el Tribunal Supremo rechaza los recursos de las CCAA a las que los Tribunales Superiores auton\u00f3micos denieguen las restricciones, \u00abhay que mirar al futuro, que se llama vacunaci\u00f3n, vacunaci\u00f3n y vacunaci\u00f3n\u00bb, ha dicho.&nbsp;<\/p>\n","protected":false},"excerpt":{"rendered":"<p>S\u00e1nchez pide \u00abcoherencia\u00bb y asegura que \u00abel estado de alarma es el pasado\u00bb. \u00abHay que mirar al futuro, que se llama vacunaci\u00f3n, vacunaci\u00f3n y vacunaci\u00f3n\u00bb. Pedro S\u00e1nchez no parece tener plan B.\u00a0Despu\u00e9s del galimat\u00edas declarativo de sus ministros este lunes, cuando\u00a0Juan Carlos Campo, titular de Justicia, primero abri\u00f3 la puerta a cambios legales\u00a0y luego la [&hellip;]<\/p>\n","protected":false},"author":4,"featured_media":73615,"comment_status":"open","ping_status":"open","sticky":false,"template":"","format":"standard","meta":{"footnotes":""},"categories":[85,43,45],"tags":[],"class_list":["post-73614","post","type-post","status-publish","format-standard","has-post-thumbnail","hentry","category-espana","category-politica","category-salud"],"_links":{"self":[{"href":"https:\/\/2horizontes.com\/index.php?rest_route=\/wp\/v2\/posts\/73614","targetHints":{"allow":["GET"]}}],"collection":[{"href":"https:\/\/2horizontes.com\/index.php?rest_route=\/wp\/v2\/posts"}],"about":[{"href":"https:\/\/2horizontes.com\/index.php?rest_route=\/wp\/v2\/types\/post"}],"author":[{"embeddable":true,"href":"https:\/\/2horizontes.com\/index.php?rest_route=\/wp\/v2\/users\/4"}],"replies":[{"embeddable":true,"href":"https:\/\/2horizontes.com\/index.php?rest_route=%2Fwp%2Fv2%2Fcomments&post=73614"}],"version-history":[{"count":1,"href":"https:\/\/2horizontes.com\/index.php?rest_route=\/wp\/v2\/posts\/73614\/revisions"}],"predecessor-version":[{"id":73616,"href":"https:\/\/2horizontes.com\/index.php?rest_route=\/wp\/v2\/posts\/73614\/revisions\/73616"}],"wp:featuredmedia":[{"embeddable":true,"href":"https:\/\/2horizontes.com\/index.php?rest_route=\/wp\/v2\/media\/73615"}],"wp:attachment":[{"href":"https:\/\/2horizontes.com\/index.php?rest_route=%2Fwp%2Fv2%2Fmedia&parent=73614"}],"wp:term":[{"taxonomy":"category","embeddable":true,"href":"https:\/\/2horizontes.com\/index.php?rest_route=%2Fwp%2Fv2%2Fcategories&post=73614"},{"taxonomy":"post_tag","embeddable":true,"href":"https:\/\/2horizontes.com\/index.php?rest_route=%2Fwp%2Fv2%2Ftags&post=73614"}],"curies":[{"name":"wp","href":"https:\/\/api.w.org\/{rel}","templated":true}]}}