{"id":73608,"date":"2021-05-11T14:48:03","date_gmt":"2021-05-11T13:48:03","guid":{"rendered":"http:\/\/2horizontes.com\/?p=73608"},"modified":"2021-05-11T14:48:08","modified_gmt":"2021-05-11T13:48:08","slug":"colombia-fracasa-reunion-duque-y-sindicatos-llaman-a-mas-protestas","status":"publish","type":"post","link":"https:\/\/2horizontes.com\/?p=73608","title":{"rendered":"COLOMBIA: Fracasa reuni\u00f3n Duque y sindicatos; llaman a m\u00e1s protestas"},"content":{"rendered":"\n<p>BOGOTA.- Sindicatos y organizaciones sociales de Colombia llamaron a nuevas protestas, despu\u00e9s de que el Comit\u00e9 Nacional del Paro y el presidente Iv\u00e1n Duque, no lograsen ning\u00fan acuerdo en la Convocan m\u00e1s protestas en Colombia reuni\u00f3n celebrada ayer, tras 13 d\u00edas consecutivos movilizaciones.<\/p>\n\n\n\n<p>Las protestas, menos intensas que en los d\u00edas anteriores, persistieron en el pa\u00eds en medio de voces que llaman al di\u00e1logo para salir del atolladero, y despu\u00e9s de que este domingo subiera la tensi\u00f3n en la ciudad de Cali por los enfrentamientos de supuestos civiles armados contra la marcha ind\u00edgena.<\/p>\n\n\n\n<p>\u201cEl Gobierno en los dos temas centrales que se plantearon sobre las garant\u00edas de las protestas y sobre el cese a la actuaci\u00f3n desmedida de la fuerza p\u00fablica contra la gente no dijo nada\u201d, dijo el secretario general de la Central Unitaria de Trabajadores de Colombia (CUT), Di\u00f3genes Orjuela.<\/p>\n\n\n\n<p>Sindicalistas, organizaciones sociales, profesores, entre otros los que se agrupan bajo la sombrilla del Comit\u00e9 Nacional del Paro convocaron para ma\u00f1ana a un nuevo paro nacional, el tercero de las protestas.<\/p>\n\n\n\n<p>A la reuni\u00f3n, realizada en la Casa de Nari\u00f1o, sede del Ejecutivo, asistieron adem\u00e1s del jefe de Estado, la vicepresidente de la Rep\u00fablica, Marta Luc\u00eda Ram\u00edrez; el alto Comisionado para la Paz, Miguel Ceballos y los representantes del comit\u00e9 de paro.<\/p>\n\n\n\n<p>Acudieron como mediadores el representante de Colombia ante la ONU, Carlos Ruiz, y el representante de la Iglesia Cat\u00f3lica monse\u00f1or H\u00e9ctor Fabio Henao.<\/p>\n\n\n\n<p>Pese a que Duque retir\u00f3 la reforma fiscal, motivo de protestas, movilizaciones de j\u00f3venes centran sus peticiones en que el Gobierno debe buscar mecanismos para ofrecerles oportunidades de trabajo, educaci\u00f3n y que cese la brutalidad policial.<\/p>\n","protected":false},"excerpt":{"rendered":"<p>BOGOTA.- Sindicatos y organizaciones sociales de Colombia llamaron a nuevas protestas, despu\u00e9s de que el Comit\u00e9 Nacional del Paro y el presidente Iv\u00e1n Duque, no lograsen ning\u00fan acuerdo en la Convocan m\u00e1s protestas en Colombia reuni\u00f3n celebrada ayer, tras 13 d\u00edas consecutivos movilizaciones. Las protestas, menos intensas que en los d\u00edas anteriores, persistieron en el [&hellip;]<\/p>\n","protected":false},"author":4,"featured_media":73609,"comment_status":"open","ping_status":"open","sticky":false,"template":"","format":"standard","meta":{"footnotes":""},"categories":[50,63,43],"tags":[],"class_list":["post-73608","post","type-post","status-publish","format-standard","has-post-thumbnail","hentry","category-colombia","category-economia","category-politica"],"_links":{"self":[{"href":"https:\/\/2horizontes.com\/index.php?rest_route=\/wp\/v2\/posts\/73608","targetHints":{"allow":["GET"]}}],"collection":[{"href":"https:\/\/2horizontes.com\/index.php?rest_route=\/wp\/v2\/posts"}],"about":[{"href":"https:\/\/2horizontes.com\/index.php?rest_route=\/wp\/v2\/types\/post"}],"author":[{"embeddable":true,"href":"https:\/\/2horizontes.com\/index.php?rest_route=\/wp\/v2\/users\/4"}],"replies":[{"embeddable":true,"href":"https:\/\/2horizontes.com\/index.php?rest_route=%2Fwp%2Fv2%2Fcomments&post=73608"}],"version-history":[{"count":1,"href":"https:\/\/2horizontes.com\/index.php?rest_route=\/wp\/v2\/posts\/73608\/revisions"}],"predecessor-version":[{"id":73610,"href":"https:\/\/2horizontes.com\/index.php?rest_route=\/wp\/v2\/posts\/73608\/revisions\/73610"}],"wp:featuredmedia":[{"embeddable":true,"href":"https:\/\/2horizontes.com\/index.php?rest_route=\/wp\/v2\/media\/73609"}],"wp:attachment":[{"href":"https:\/\/2horizontes.com\/index.php?rest_route=%2Fwp%2Fv2%2Fmedia&parent=73608"}],"wp:term":[{"taxonomy":"category","embeddable":true,"href":"https:\/\/2horizontes.com\/index.php?rest_route=%2Fwp%2Fv2%2Fcategories&post=73608"},{"taxonomy":"post_tag","embeddable":true,"href":"https:\/\/2horizontes.com\/index.php?rest_route=%2Fwp%2Fv2%2Ftags&post=73608"}],"curies":[{"name":"wp","href":"https:\/\/api.w.org\/{rel}","templated":true}]}}