{"id":73605,"date":"2021-05-11T14:36:22","date_gmt":"2021-05-11T13:36:22","guid":{"rendered":"http:\/\/2horizontes.com\/?p=73605"},"modified":"2021-05-11T14:36:24","modified_gmt":"2021-05-11T13:36:24","slug":"presidente-abinader-entrega-490-certificaciones-de-titulo-inmobiliario","status":"publish","type":"post","link":"https:\/\/2horizontes.com\/?p=73605","title":{"rendered":"Presidente Abinader entrega 490 certificaciones de t\u00edtulo inmobiliario"},"content":{"rendered":"\n<p>SANTO DOMINGO.- El presidente&nbsp;&nbsp;Luis Abinader entreg\u00f3 este lunes 490 certificaciones de t\u00edtulos inmobiliarios en beneficio de 1,900 personas en el Gran Santo Domingo.<\/p>\n\n\n\n<p>El mandatario inform\u00f3 que con esta entrega que se hace a trav\u00e9s del Plan Nacional de Titulaci\u00f3n ya se han beneficiado m\u00e1s de 8,000 familias, con impacto positivo en la vida de 32,000 dominicanos.<\/p>\n\n\n\n<p>En ocasi\u00f3n del\u00a023 aniversario de fallecimiento de Jos\u00e9 Francisco Pe\u00f1a G\u00f3mez,\u00a0el mandatario rindi\u00f3 tributo a su memoria y consider\u00f3 que la mejor forma de hacerlo es con justicia social, como la de esta entrega de t\u00edtulos de propiedad.<\/p>\n\n\n\n<p>Dijo que cada acci\u00f3n de su Gobierno es en busca de mejorar la calidad de vida de los dominicanos, lograr justicia social y hacer una buena gesti\u00f3n.<\/p>\n\n\n\n<p>Dijo que esas acciones son inspiradas por el pensamiento y las ideas que dej\u00f3 Pe\u00f1a G\u00f3mez en su paso por la tierra.<\/p>\n\n\n\n<p>\u201cLo hacemos desde este Palacio Nacional y con tan solo una representaci\u00f3n, pero hoy estamos de manera simult\u00e1nea en todos los sitios y rincones en los que llevamos esta pol\u00edtica\u201d, expres\u00f3.<\/p>\n\n\n\n<p>Mencion\u00f3 entre esos lugares, Invivienda, residencial Ortega y Gasset, 24 de abril, Pueblo Nuevo, El Libertador, Invi, Obras P\u00fablicas, Chav\u00f3n, Lebr\u00f3n, Los Americanos y Nuevo Horizonte.<\/p>\n\n\n\n<p>Abinader insisti\u00f3 en que distribuir la riqueza nacional y, que sus beneficios lleguen a todos los ciudadanos, es una m\u00e1xima del gobierno.<\/p>\n\n\n\n<p>an\/am<\/p>\n","protected":false},"excerpt":{"rendered":"<p>SANTO DOMINGO.- El presidente&nbsp;&nbsp;Luis Abinader entreg\u00f3 este lunes 490 certificaciones de t\u00edtulos inmobiliarios en beneficio de 1,900 personas en el Gran Santo Domingo. El mandatario inform\u00f3 que con esta entrega que se hace a trav\u00e9s del Plan Nacional de Titulaci\u00f3n ya se han beneficiado m\u00e1s de 8,000 familias, con impacto positivo en la vida de [&hellip;]<\/p>\n","protected":false},"author":4,"featured_media":73606,"comment_status":"open","ping_status":"open","sticky":false,"template":"","format":"standard","meta":{"footnotes":""},"categories":[43,44],"tags":[],"class_list":["post-73605","post","type-post","status-publish","format-standard","has-post-thumbnail","hentry","category-politica","category-republica-dominicana"],"_links":{"self":[{"href":"https:\/\/2horizontes.com\/index.php?rest_route=\/wp\/v2\/posts\/73605","targetHints":{"allow":["GET"]}}],"collection":[{"href":"https:\/\/2horizontes.com\/index.php?rest_route=\/wp\/v2\/posts"}],"about":[{"href":"https:\/\/2horizontes.com\/index.php?rest_route=\/wp\/v2\/types\/post"}],"author":[{"embeddable":true,"href":"https:\/\/2horizontes.com\/index.php?rest_route=\/wp\/v2\/users\/4"}],"replies":[{"embeddable":true,"href":"https:\/\/2horizontes.com\/index.php?rest_route=%2Fwp%2Fv2%2Fcomments&post=73605"}],"version-history":[{"count":1,"href":"https:\/\/2horizontes.com\/index.php?rest_route=\/wp\/v2\/posts\/73605\/revisions"}],"predecessor-version":[{"id":73607,"href":"https:\/\/2horizontes.com\/index.php?rest_route=\/wp\/v2\/posts\/73605\/revisions\/73607"}],"wp:featuredmedia":[{"embeddable":true,"href":"https:\/\/2horizontes.com\/index.php?rest_route=\/wp\/v2\/media\/73606"}],"wp:attachment":[{"href":"https:\/\/2horizontes.com\/index.php?rest_route=%2Fwp%2Fv2%2Fmedia&parent=73605"}],"wp:term":[{"taxonomy":"category","embeddable":true,"href":"https:\/\/2horizontes.com\/index.php?rest_route=%2Fwp%2Fv2%2Fcategories&post=73605"},{"taxonomy":"post_tag","embeddable":true,"href":"https:\/\/2horizontes.com\/index.php?rest_route=%2Fwp%2Fv2%2Ftags&post=73605"}],"curies":[{"name":"wp","href":"https:\/\/api.w.org\/{rel}","templated":true}]}}