{"id":73596,"date":"2021-05-11T14:17:27","date_gmt":"2021-05-11T13:17:27","guid":{"rendered":"http:\/\/2horizontes.com\/?p=73596"},"modified":"2021-05-11T14:17:29","modified_gmt":"2021-05-11T13:17:29","slug":"abogada-califica-de-arbitraria-y-no-objetiva-coercion-a-caceres-silvestre","status":"publish","type":"post","link":"https:\/\/2horizontes.com\/?p=73596","title":{"rendered":"Abogada califica de \u00abarbitraria y no objetiva coerci\u00f3n a C\u00e1ceres Silvestre"},"content":{"rendered":"\n<p>SANTO DOMINGO.- La abogada del exjefe de escolta del expresidente Danilo Medina, mayor general Ad\u00e1n C\u00e1ceres Silvestre, calific\u00f3 de \u00abarbitraria y no objetiva\u00bb la medida de coerci\u00f3n de 18 meses de prisi\u00f3n preventiva que la jueza Kenya Romero impuso a&nbsp;su defendido, imputado de corrupci\u00f3n en el caso Coral.<\/p>\n\n\n\n<p>Elsa Trinidad Guti\u00e9rrez asegur\u00f3 que \u201chubo una evidente deslealtad procesal del Ministerio P\u00fablico y careciendo ellos de prueba se fueron a debatir en la prensa lo que no pudieron debatir en un tribunal\u201d.<\/p>\n\n\n\n<p>\u00abA partir de este momento, cualquier empresario, cualquier persona o autoridad, basta con que un ministerio p\u00fablico quiera imputarlo, lo tranque, lo prive de defenderse, filtre una serie de informaciones espiadas a la prensa, y esto ser\u00e1 suficiente para que a cualquiera lo tranquen\u00bb, declar\u00f3 la jurista a su salida del Palacio de Justicia.<\/p>\n\n\n\n<p>Cuestion\u00f3 que siendo un mayor general, su defendido haya sido enviado a un recinto carcelario para civiles. \u201cUna persona que manej\u00f3 un puesto de inteligencia muy alto en este pa\u00eds, dirigi\u00f3 la seguridad de este pa\u00eds en un momento delicado, y todo eso ha sido ignorado deliberadamente. Realmente esa decisi\u00f3n puede tener lo que sea menos derecho\u201d, indic\u00f3.<\/p>\n","protected":false},"excerpt":{"rendered":"<p>SANTO DOMINGO.- La abogada del exjefe de escolta del expresidente Danilo Medina, mayor general Ad\u00e1n C\u00e1ceres Silvestre, calific\u00f3 de \u00abarbitraria y no objetiva\u00bb la medida de coerci\u00f3n de 18 meses de prisi\u00f3n preventiva que la jueza Kenya Romero impuso a&nbsp;su defendido, imputado de corrupci\u00f3n en el caso Coral. Elsa Trinidad Guti\u00e9rrez asegur\u00f3 que \u201chubo una [&hellip;]<\/p>\n","protected":false},"author":4,"featured_media":73597,"comment_status":"open","ping_status":"open","sticky":false,"template":"","format":"standard","meta":{"footnotes":""},"categories":[43,44],"tags":[],"class_list":["post-73596","post","type-post","status-publish","format-standard","has-post-thumbnail","hentry","category-politica","category-republica-dominicana"],"_links":{"self":[{"href":"https:\/\/2horizontes.com\/index.php?rest_route=\/wp\/v2\/posts\/73596","targetHints":{"allow":["GET"]}}],"collection":[{"href":"https:\/\/2horizontes.com\/index.php?rest_route=\/wp\/v2\/posts"}],"about":[{"href":"https:\/\/2horizontes.com\/index.php?rest_route=\/wp\/v2\/types\/post"}],"author":[{"embeddable":true,"href":"https:\/\/2horizontes.com\/index.php?rest_route=\/wp\/v2\/users\/4"}],"replies":[{"embeddable":true,"href":"https:\/\/2horizontes.com\/index.php?rest_route=%2Fwp%2Fv2%2Fcomments&post=73596"}],"version-history":[{"count":1,"href":"https:\/\/2horizontes.com\/index.php?rest_route=\/wp\/v2\/posts\/73596\/revisions"}],"predecessor-version":[{"id":73598,"href":"https:\/\/2horizontes.com\/index.php?rest_route=\/wp\/v2\/posts\/73596\/revisions\/73598"}],"wp:featuredmedia":[{"embeddable":true,"href":"https:\/\/2horizontes.com\/index.php?rest_route=\/wp\/v2\/media\/73597"}],"wp:attachment":[{"href":"https:\/\/2horizontes.com\/index.php?rest_route=%2Fwp%2Fv2%2Fmedia&parent=73596"}],"wp:term":[{"taxonomy":"category","embeddable":true,"href":"https:\/\/2horizontes.com\/index.php?rest_route=%2Fwp%2Fv2%2Fcategories&post=73596"},{"taxonomy":"post_tag","embeddable":true,"href":"https:\/\/2horizontes.com\/index.php?rest_route=%2Fwp%2Fv2%2Ftags&post=73596"}],"curies":[{"name":"wp","href":"https:\/\/api.w.org\/{rel}","templated":true}]}}