{"id":73583,"date":"2021-05-06T15:31:02","date_gmt":"2021-05-06T14:31:02","guid":{"rendered":"http:\/\/2horizontes.com\/?p=73583"},"modified":"2021-05-06T15:31:04","modified_gmt":"2021-05-06T14:31:04","slug":"dominicanos-apoyan-la-gestion-de-la-consul-general-dominicana-en-milan","status":"publish","type":"post","link":"https:\/\/2horizontes.com\/?p=73583","title":{"rendered":"Dominicanos apoyan  la gesti\u00f3n de la C\u00f3nsul General dominicana En Mil\u00e1n."},"content":{"rendered":"\n<p>La Seccional PRM-ITALIA reitera su apoyo incondicional a la gesti\u00f3n de la <strong>Licda. Arleni Pe\u00f1a<\/strong> como Consul General de la Rep. Dom. En Mil\u00e1n, Italia. Su buen trato, capacidad de trabajo, aptitud colaborativa y voluntad pol\u00edtica, en apenas un mes y medio de haber asumido el cargo han generado el mejor de los escenarios para un trabajo mancomunado y armonioso entre el consulado y los diferentes actores sociales, econ\u00f3micos y pol\u00edticos de la di\u00e1spora, generando confianza, comunicaci\u00f3n efectiva, interacci\u00f3n y apoyo de nuestros conciudadanos.<\/p>\n\n\n\n<p>La gesti\u00f3n de Sr.<\/p>\n\n\n\n<p>Pe\u00f1a a cambiado la percepci\u00f3n encontrada, una sede f\u00edsicamente descuidada, poco personal, poca calidad en los servicios, largos tiempos de espera y c\u00famulos de trabajo retrasado. Por esto el compromiso en la cualificaci\u00f3n de cada servidor p\u00fablico y en ofrecer soluciones y dar respuestas a las necesidades y demandas de la di\u00e1spora dominicana.<\/p>\n\n\n\n<p>Aclaramos que el <strong>Sr. Rene Taveras<\/strong> No forma parte del bufete directivo ni de ninguna estructura de esta seccional, Su trabajo pol\u00edtico lo desempe\u00f1\u00f3 en Santo Domingo donde estuvo residiendo durante toda la campa\u00f1a electoral.<\/p>\n\n\n\n<p>El<strong> Sr. Taveras<\/strong>, se desempe\u00f1aba <strong>como t\u00e9cnico del \u00e1rea de pasaportes<\/strong>, desde el 9 de marzo y no fue despedido, se le ofert\u00f3 la posibilidad de cambiar de \u00e1rea de trabajo hacia el \u00e1rea de servicio al cliente del consulado.<\/p>\n\n\n\n<p>Desmentimos de forma categ\u00f3rica y contundente se hayan producido en el Consulado Dominicano en Mil\u00e1n aumentos en los precios de los servicios, maltratos al personal o usuarios, todo el contrario, nos consta que el consulado se encuentra en un proceso de cualificaci\u00f3n y optimizaci\u00f3n de su sede, su personal y servicios en pro de brindar a todos y todas las y los dominicanos residentes en Italia servicios de calidad con calidez que cumplan con los criterios establecidos por el gobierno del cambio presidido por el Excelent\u00edsimo Sr. Presidente Luis Abinader.<\/p>\n\n\n\n<p><strong>Mar\u00eda Peralta<\/strong><\/p>\n\n\n\n<p>Presidente Seccional PRM-ITALIA<\/p>\n\n\n\n<p>Coordinadora General de Campana Italia<\/p>\n","protected":false},"excerpt":{"rendered":"<p>La Seccional PRM-ITALIA reitera su apoyo incondicional a la gesti\u00f3n de la Licda. Arleni Pe\u00f1a como Consul General de la Rep. Dom. En Mil\u00e1n, Italia. Su buen trato, capacidad de trabajo, aptitud colaborativa y voluntad pol\u00edtica, en apenas un mes y medio de haber asumido el cargo han generado el mejor de los escenarios para [&hellip;]<\/p>\n","protected":false},"author":4,"featured_media":73584,"comment_status":"open","ping_status":"open","sticky":true,"template":"","format":"standard","meta":{"footnotes":""},"categories":[86,43],"tags":[],"class_list":["post-73583","post","type-post","status-publish","format-standard","has-post-thumbnail","hentry","category-europa","category-politica"],"_links":{"self":[{"href":"https:\/\/2horizontes.com\/index.php?rest_route=\/wp\/v2\/posts\/73583","targetHints":{"allow":["GET"]}}],"collection":[{"href":"https:\/\/2horizontes.com\/index.php?rest_route=\/wp\/v2\/posts"}],"about":[{"href":"https:\/\/2horizontes.com\/index.php?rest_route=\/wp\/v2\/types\/post"}],"author":[{"embeddable":true,"href":"https:\/\/2horizontes.com\/index.php?rest_route=\/wp\/v2\/users\/4"}],"replies":[{"embeddable":true,"href":"https:\/\/2horizontes.com\/index.php?rest_route=%2Fwp%2Fv2%2Fcomments&post=73583"}],"version-history":[{"count":1,"href":"https:\/\/2horizontes.com\/index.php?rest_route=\/wp\/v2\/posts\/73583\/revisions"}],"predecessor-version":[{"id":73585,"href":"https:\/\/2horizontes.com\/index.php?rest_route=\/wp\/v2\/posts\/73583\/revisions\/73585"}],"wp:featuredmedia":[{"embeddable":true,"href":"https:\/\/2horizontes.com\/index.php?rest_route=\/wp\/v2\/media\/73584"}],"wp:attachment":[{"href":"https:\/\/2horizontes.com\/index.php?rest_route=%2Fwp%2Fv2%2Fmedia&parent=73583"}],"wp:term":[{"taxonomy":"category","embeddable":true,"href":"https:\/\/2horizontes.com\/index.php?rest_route=%2Fwp%2Fv2%2Fcategories&post=73583"},{"taxonomy":"post_tag","embeddable":true,"href":"https:\/\/2horizontes.com\/index.php?rest_route=%2Fwp%2Fv2%2Ftags&post=73583"}],"curies":[{"name":"wp","href":"https:\/\/api.w.org\/{rel}","templated":true}]}}