{"id":73580,"date":"2021-05-06T14:55:09","date_gmt":"2021-05-06T13:55:09","guid":{"rendered":"http:\/\/2horizontes.com\/?p=73580"},"modified":"2021-05-06T14:55:11","modified_gmt":"2021-05-06T13:55:11","slug":"prm-defiende-gestion-arleni-pena-al-frente-del-consulado-rd-en-milan","status":"publish","type":"post","link":"https:\/\/2horizontes.com\/?p=73580","title":{"rendered":"PRM defiende gesti\u00f3n Arleni Pe\u00f1a al frente del Consulado RD en Mil\u00e1n"},"content":{"rendered":"\n<p>ROMA.- El Partido Revolucionario Moderno (PRM) en Italia anunci\u00f3 su apoyo incondicional a la gesti\u00f3n que encabeza Arleni Pe\u00f1a al frente del Consulado General de la Rep\u00fablica Dominicana en Mil\u00e1n y resalt\u00f3 los logros del gobierno del presidente Luis Abinader.<\/p>\n\n\n\n<p>Un comunicado firmado por la presidenta del PRM en Italia, Mar\u00eda Peralta, indica que \u00abArleni Pe\u00f1a ha mostrado capacidad de trabajo, actitud de colaboraci\u00f3n, voluntad pol\u00edtica y buen trato a la comunidad dominicana residente en esa naci\u00f3n europea\u00bb.<\/p>\n\n\n\n<p>Dijo que Pe\u00f1a \u00abgenera el mejor de los escenarios para un trabajo armonioso y mancomunado entre el consulado y los diferentes actores sociales, econ\u00f3micos y pol\u00edticos de la di\u00e1spora, generando confianza, comunicaci\u00f3n efectiva, interacci\u00f3n y apoyo de todos sus compatriotas\u00bb.<\/p>\n\n\n\n<p><\/p>\n\n\n\n<p>\u201cLa gesti\u00f3n de Pe\u00f1a al frente del Consulado de Rep\u00fablica Dominicana en Mil\u00e1n ha cambiado la percepci\u00f3n de criollos y extranjeros, de una gesti\u00f3n anterior con poca calidad en los servicios, c\u00famulo de trabajos atrasados, incluso, una sede f\u00edsicamente descuidada\u201d, declar\u00f3.<\/p>\n\n\n\n<p>Asimismo, Peralta conden\u00f3 las declaraciones del se\u00f1or Ren\u00e9 Taveras contra la gesti\u00f3n de Pe\u00f1a y neg\u00f3 que se hayan producido aumentos de precios de los servicios que ofrece ese consulado.<\/p>\n\n\n\n<p>\u201cAl contrario, durante la gesti\u00f3n de Pe\u00f1a en el Consulado de Rep\u00fablica Dominicana en Mil\u00e1n se encuentra en un proceso de optimizaci\u00f3n y cualificaci\u00f3n de los servicios que se brindan a la comunidad dominicana y al empresariado italiano. Un servicio de calidad, que cumple con los criterios y est\u00e1ndares establecidos por el Gobierno del cambio, que preside Luis Abinader\u201d, afirm\u00f3.<\/p>\n","protected":false},"excerpt":{"rendered":"<p>ROMA.- El Partido Revolucionario Moderno (PRM) en Italia anunci\u00f3 su apoyo incondicional a la gesti\u00f3n que encabeza Arleni Pe\u00f1a al frente del Consulado General de la Rep\u00fablica Dominicana en Mil\u00e1n y resalt\u00f3 los logros del gobierno del presidente Luis Abinader. Un comunicado firmado por la presidenta del PRM en Italia, Mar\u00eda Peralta, indica que \u00abArleni [&hellip;]<\/p>\n","protected":false},"author":4,"featured_media":73581,"comment_status":"open","ping_status":"open","sticky":false,"template":"","format":"standard","meta":{"footnotes":""},"categories":[86,43],"tags":[],"class_list":["post-73580","post","type-post","status-publish","format-standard","has-post-thumbnail","hentry","category-europa","category-politica"],"_links":{"self":[{"href":"https:\/\/2horizontes.com\/index.php?rest_route=\/wp\/v2\/posts\/73580","targetHints":{"allow":["GET"]}}],"collection":[{"href":"https:\/\/2horizontes.com\/index.php?rest_route=\/wp\/v2\/posts"}],"about":[{"href":"https:\/\/2horizontes.com\/index.php?rest_route=\/wp\/v2\/types\/post"}],"author":[{"embeddable":true,"href":"https:\/\/2horizontes.com\/index.php?rest_route=\/wp\/v2\/users\/4"}],"replies":[{"embeddable":true,"href":"https:\/\/2horizontes.com\/index.php?rest_route=%2Fwp%2Fv2%2Fcomments&post=73580"}],"version-history":[{"count":1,"href":"https:\/\/2horizontes.com\/index.php?rest_route=\/wp\/v2\/posts\/73580\/revisions"}],"predecessor-version":[{"id":73582,"href":"https:\/\/2horizontes.com\/index.php?rest_route=\/wp\/v2\/posts\/73580\/revisions\/73582"}],"wp:featuredmedia":[{"embeddable":true,"href":"https:\/\/2horizontes.com\/index.php?rest_route=\/wp\/v2\/media\/73581"}],"wp:attachment":[{"href":"https:\/\/2horizontes.com\/index.php?rest_route=%2Fwp%2Fv2%2Fmedia&parent=73580"}],"wp:term":[{"taxonomy":"category","embeddable":true,"href":"https:\/\/2horizontes.com\/index.php?rest_route=%2Fwp%2Fv2%2Fcategories&post=73580"},{"taxonomy":"post_tag","embeddable":true,"href":"https:\/\/2horizontes.com\/index.php?rest_route=%2Fwp%2Fv2%2Ftags&post=73580"}],"curies":[{"name":"wp","href":"https:\/\/api.w.org\/{rel}","templated":true}]}}