{"id":7347,"date":"2015-05-16T19:01:37","date_gmt":"2015-05-16T18:01:37","guid":{"rendered":"http:\/\/2horizontes.com\/?p=7347"},"modified":"2015-05-16T19:10:14","modified_gmt":"2015-05-16T18:10:14","slug":"haiti-celebra-en-venezuela-su-semana-cultural-del-18-al-23-de-mayo","status":"publish","type":"post","link":"https:\/\/2horizontes.com\/?p=7347","title":{"rendered":"Hait\u00ed celebra en Venezuela su semana cultural del 18 al 23 de mayo"},"content":{"rendered":"<p>Desde este lunes 18 al s\u00e1bado 23 de mayo, Hait\u00ed celebrar\u00e1 su semana cultural 2015 en Venezuela, con diversas actividades acad\u00e9micas y recreativas para dar a conocer sus tradiciones.<\/p>\n<p>La agenda de actividades, organizada por la Embajada del pa\u00eds antillano, incluye la realizaci\u00f3n de una serie de conferencias a cargo del reconocido investigador, profesor y cineasta haitiano Frantz Voltaire, quien recientemente fue galardonado con el premio a la mejor producci\u00f3n independiente en el Festival Internacional de Cine Vistas de \u00c1frica.<\/p>\n<p>La primera conferencia, denominada La Revoluci\u00f3n Haitiana y la Universalidad de la Libertad,\u00a0ser\u00e1 este lunes 18 de mayo, en la Universidad Santa Mar\u00eda, Caracas, a las 2:00 de la tarde.<\/p>\n<p>El mi\u00e9rcoles 20 se realizar\u00e1 la conferencia Hait\u00ed, la Emancipaci\u00f3n de Am\u00e9rica Espa\u00f1ola de Bol\u00edvar a Mart\u00ed, en la Universidad Monte\u00e1vila, Caracas, a las 10:30 de la ma\u00f1ana, mientras que el jueves 21, tambi\u00e9n a las 10:30 am, se efectuar\u00e1 la conferencia\u00a0Historia de la M\u00fasica Haitiana, en la Universidad Nacional Experimental de las Artes (Unearte).<\/p>\n<p>La agenda de actividades, adem\u00e1s, contempla la muestra fotogr\u00e1fica y artesanal llamada Descubre Hait\u00ed, que mostrar\u00e1 las bondades tur\u00edsticas y ecol\u00f3gicas de la naci\u00f3n antillana\u00a0del 19 al 29 de mayo en el s\u00f3tano tres de la Biblioteca los Palos Grandes, espacio \u00c1lvaro Sotillo, Caracas.<\/p>\n<p>El 23 de mayo, a partir de las 5:00 de la tarde, se efectuar\u00e1 en\u00a0la Concha Ac\u00fastica del Parque General\u00edsimo Francisco de Miranda (Parque del Este) un concierto de\u00a0la agrupaci\u00f3n haitiana T-Vice, formada en 1991 por los hermanos Roberto y Reynaldo Martino.<\/p>\n<p>Este grupo tiene influencias del reggae, merengue y flamenco, rese\u00f1a un bolet\u00edn de prensa despachado por la Embajada de Hait\u00ed.<\/p>\n<p>Fuente: AVN \/ MG<\/p>\n","protected":false},"excerpt":{"rendered":"<p>Desde este lunes 18 al s\u00e1bado 23 de mayo, Hait\u00ed celebrar\u00e1 su semana cultural 2015 en Venezuela, con diversas actividades acad\u00e9micas y recreativas para dar a conocer sus tradiciones. La agenda de actividades, organizada por la Embajada del pa\u00eds antillano, incluye la realizaci\u00f3n de una serie de conferencias a cargo del reconocido investigador, profesor y [&hellip;]<\/p>\n","protected":false},"author":7,"featured_media":7355,"comment_status":"open","ping_status":"open","sticky":false,"template":"","format":"standard","meta":{"footnotes":""},"categories":[47,40,48],"tags":[],"class_list":["post-7347","post","type-post","status-publish","format-standard","has-post-thumbnail","hentry","category-haiti","category-internacionales","category-venezuela"],"_links":{"self":[{"href":"https:\/\/2horizontes.com\/index.php?rest_route=\/wp\/v2\/posts\/7347","targetHints":{"allow":["GET"]}}],"collection":[{"href":"https:\/\/2horizontes.com\/index.php?rest_route=\/wp\/v2\/posts"}],"about":[{"href":"https:\/\/2horizontes.com\/index.php?rest_route=\/wp\/v2\/types\/post"}],"author":[{"embeddable":true,"href":"https:\/\/2horizontes.com\/index.php?rest_route=\/wp\/v2\/users\/7"}],"replies":[{"embeddable":true,"href":"https:\/\/2horizontes.com\/index.php?rest_route=%2Fwp%2Fv2%2Fcomments&post=7347"}],"version-history":[{"count":1,"href":"https:\/\/2horizontes.com\/index.php?rest_route=\/wp\/v2\/posts\/7347\/revisions"}],"predecessor-version":[{"id":7348,"href":"https:\/\/2horizontes.com\/index.php?rest_route=\/wp\/v2\/posts\/7347\/revisions\/7348"}],"wp:featuredmedia":[{"embeddable":true,"href":"https:\/\/2horizontes.com\/index.php?rest_route=\/wp\/v2\/media\/7355"}],"wp:attachment":[{"href":"https:\/\/2horizontes.com\/index.php?rest_route=%2Fwp%2Fv2%2Fmedia&parent=7347"}],"wp:term":[{"taxonomy":"category","embeddable":true,"href":"https:\/\/2horizontes.com\/index.php?rest_route=%2Fwp%2Fv2%2Fcategories&post=7347"},{"taxonomy":"post_tag","embeddable":true,"href":"https:\/\/2horizontes.com\/index.php?rest_route=%2Fwp%2Fv2%2Ftags&post=7347"}],"curies":[{"name":"wp","href":"https:\/\/api.w.org\/{rel}","templated":true}]}}