{"id":73453,"date":"2021-04-22T21:04:58","date_gmt":"2021-04-22T20:04:58","guid":{"rendered":"http:\/\/2horizontes.com\/?p=73453"},"modified":"2021-04-22T21:05:00","modified_gmt":"2021-04-22T20:05:00","slug":"fiscalia-deposita-solicitud-de-un-ano-de-prision-para-el-coronel-marinez-lora","status":"publish","type":"post","link":"https:\/\/2horizontes.com\/?p=73453","title":{"rendered":"Fiscal\u00eda deposita solicitud de un a\u00f1o de prisi\u00f3n para el coronel Mari\u00f1ez Lora"},"content":{"rendered":"\n<p><strong>Villa Altagracia, RD<\/strong><\/p>\n\n\n\n<p>El Ministerio P\u00fablico deposit\u00f3 este jueves la solicitud de medida de coerci\u00f3n en contra del&nbsp; coronel C\u00e9sar Mari\u00f1ez Lora, superior jer\u00e1rquico de la patrulla policial que el pasado 30 de marzo mat\u00f3 a una pareja de esposos evang\u00e9licos que transitaba por la autopista Duarte.<\/p>\n\n\n\n<p>La instancia, depositada en la Oficina Judicial de Servicios de Atenci\u00f3n Permanente de Villa Altagracia, &nbsp;el MP solicit\u00f3 que se imponga al oficial un a\u00f1o de prisi\u00f3n preventiva y que declare el proceso de tramitaci\u00f3n compleja, por su vinculaci\u00f3n a la muerte de Eliza Mu\u00f1oz Marte y Joel Eusebio D\u00edaz Ferrer.<\/p>\n\n\n\n<p>Dice que en el transcurso de la investigaci\u00f3n han encontrado elementos de pruebas que comprometen la responsabilidad penal de Mari\u00f1ez Lora en los hechos que provocaron de la pareja de esposo y de herir &nbsp;&nbsp;Claudio Ram\u00edrez Lamais, de 29 a\u00f1os.<\/p>\n\n\n\n<p>La audiencia para su conocimiento fue fijada para las 10:00 de la ma\u00f1ana de este viernes.<\/p>\n\n\n\n<p>La fiscal F\u00e1tima S\u00e1nchez Guzm\u00e1n encabeza la investigaci\u00f3n del caso con el apoyo de un equipo de fiscales designado por la Direcci\u00f3n General de Persecuci\u00f3n del Ministerio P\u00fablico, que encabeza la procuradora adjunta Yeni Berenice Reynoso.<\/p>\n\n\n\n<p>Por el caso, el Ministerio P\u00fablico ya obtuvo un a\u00f1o de prisi\u00f3n preventiva contra Victorino Reyes Navarro (segundo teniente), Domingo Perdomo Reyes (sargento), as\u00ed como de los cabos Norquis Rodr\u00edguez Jim\u00e9nez y \u00c1ngel de Los Santos y los rasos Antony Castro P\u00e9rez y Juan Samuel Ogando Sol\u00eds, integrantes de la patrulla actuante.<\/p>\n","protected":false},"excerpt":{"rendered":"<p>Villa Altagracia, RD El Ministerio P\u00fablico deposit\u00f3 este jueves la solicitud de medida de coerci\u00f3n en contra del&nbsp; coronel C\u00e9sar Mari\u00f1ez Lora, superior jer\u00e1rquico de la patrulla policial que el pasado 30 de marzo mat\u00f3 a una pareja de esposos evang\u00e9licos que transitaba por la autopista Duarte. La instancia, depositada en la Oficina Judicial de [&hellip;]<\/p>\n","protected":false},"author":1,"featured_media":73408,"comment_status":"open","ping_status":"open","sticky":false,"template":"","format":"standard","meta":{"footnotes":""},"categories":[53,44],"tags":[],"class_list":["post-73453","post","type-post","status-publish","format-standard","has-post-thumbnail","hentry","category-provincias","category-republica-dominicana"],"_links":{"self":[{"href":"https:\/\/2horizontes.com\/index.php?rest_route=\/wp\/v2\/posts\/73453","targetHints":{"allow":["GET"]}}],"collection":[{"href":"https:\/\/2horizontes.com\/index.php?rest_route=\/wp\/v2\/posts"}],"about":[{"href":"https:\/\/2horizontes.com\/index.php?rest_route=\/wp\/v2\/types\/post"}],"author":[{"embeddable":true,"href":"https:\/\/2horizontes.com\/index.php?rest_route=\/wp\/v2\/users\/1"}],"replies":[{"embeddable":true,"href":"https:\/\/2horizontes.com\/index.php?rest_route=%2Fwp%2Fv2%2Fcomments&post=73453"}],"version-history":[{"count":1,"href":"https:\/\/2horizontes.com\/index.php?rest_route=\/wp\/v2\/posts\/73453\/revisions"}],"predecessor-version":[{"id":73454,"href":"https:\/\/2horizontes.com\/index.php?rest_route=\/wp\/v2\/posts\/73453\/revisions\/73454"}],"wp:featuredmedia":[{"embeddable":true,"href":"https:\/\/2horizontes.com\/index.php?rest_route=\/wp\/v2\/media\/73408"}],"wp:attachment":[{"href":"https:\/\/2horizontes.com\/index.php?rest_route=%2Fwp%2Fv2%2Fmedia&parent=73453"}],"wp:term":[{"taxonomy":"category","embeddable":true,"href":"https:\/\/2horizontes.com\/index.php?rest_route=%2Fwp%2Fv2%2Fcategories&post=73453"},{"taxonomy":"post_tag","embeddable":true,"href":"https:\/\/2horizontes.com\/index.php?rest_route=%2Fwp%2Fv2%2Ftags&post=73453"}],"curies":[{"name":"wp","href":"https:\/\/api.w.org\/{rel}","templated":true}]}}