{"id":73414,"date":"2021-04-21T11:32:52","date_gmt":"2021-04-21T10:32:52","guid":{"rendered":"http:\/\/2horizontes.com\/?p=73414"},"modified":"2021-04-21T11:32:56","modified_gmt":"2021-04-21T10:32:56","slug":"tribunal-excluye-delaciones-premiadas-contra-imputados-en-caso-odebrecht","status":"publish","type":"post","link":"https:\/\/2horizontes.com\/?p=73414","title":{"rendered":"Tribunal excluye delaciones premiadas contra imputados en caso Odebrecht"},"content":{"rendered":"\n<p>Santo Domingo, 20 abr.- El Primer Tribunal Colegiado del Distrito Nacional, que enjuicia a los seis dominicanos acusados de recibir sobornos de la constructora brasile\u00f1a Odebrecht, rechaz\u00f3 este martes admitir las delaciones de exejecutivos de la empresa y que fueron aportadas por el Ministerio P\u00fablico brasile\u00f1o.<\/p>\n\n\n\n<p>El tribunal concluy\u00f3 que el Ministerio P\u00fablico dominicano no cumpli\u00f3 con las formalidades que establece la legislaci\u00f3n para incorporar dichos testimonios.<\/p>\n\n\n\n<p>\u00abEstas declaraciones no pueden entrar al debate\u00bb, dijo la presidenta del juzgado, Gisell M\u00e9ndez.<\/p>\n\n\n\n<p>La Procuradur\u00eda Especializada de Persecuci\u00f3n de la Corrupci\u00f3n Administrativa (Pepca) reaccion\u00f3 con un recurso de oposici\u00f3n.<\/p>\n\n\n\n<p>Ante la decisi\u00f3n de inadmisibilidad de las pruebas relativas a las delaciones premiadas, la fiscal Mirna Ortiz destac\u00f3 que en este caso procede el recurso de oposici\u00f3n y record\u00f3 que ante decisiones similares el Ministerio P\u00fablico ha logrado que las juezas se retracten.<\/p>\n\n\n\n<p>\u00abUstedes han sido testigos en todo el trayecto de este proceso que en varias ocasiones frente a recursos del Ministerio P\u00fablico el tribunal se ha retractado y eso es lo que esperamos que suceda\u201d, declar\u00f3 la fiscal en un documento.<\/p>\n\n\n\n<p>El Ministerio P\u00fablico hab\u00eda defendido estos documentos alegando que se trata \u00abde pruebas legales que forman parte de los documentos que viene presentando en el proceso, enviadas desde Brasil en el marco de una cooperaci\u00f3n jur\u00eddica internacional abierta\u00bb.<\/p>\n\n\n\n<p>Con las evidencias, el Ministerio P\u00fablico \u00abbusca demostrar la participaci\u00f3n espec\u00edfica de cada uno de los imputados en el esquema de pagos de sobornos en Rep\u00fablica Dominicana\u00bb, seg\u00fan dijo la semana pasada.<\/p>\n\n\n\n<p>El Ministerio P\u00fablico hab\u00eda defendido estos documentos alegando que se trata \u00abde pruebas legales que forman parte de los documentos que viene presentando en el proceso, enviadas desde Brasil en el marco de una cooperaci\u00f3n jur\u00eddica internacional abierta\u00bb.<\/p>\n\n\n\n<p>Con las evidencias, el Ministerio P\u00fablico \u00abbusca demostrar la participaci\u00f3n espec\u00edfica de cada uno de los imputados en el esquema de pagos de sobornos en Rep\u00fablica Dominicana\u00bb, seg\u00fan dijo la semana pasada.<\/p>\n\n\n\n<p>Los acusados son los exsenadores Andr\u00e9s Bautista Garc\u00eda, Tommy Gal\u00e1n Grull\u00f3n y Roberto Rodr\u00edguez Hern\u00e1ndez, el abogado Conrado Pittaluga Arzeno y el exministro de Obras P\u00fablicas V\u00edctor D\u00edaz R\u00faa.<\/p>\n\n\n\n<p>Asimismo, \u00c1ngel Rond\u00f3n, exrepresentante comercial de Odebrecht en la Rep\u00fablica Dominicana y a quien se acusa de repartir los 92 millones de d\u00f3lares que la empresa brasile\u00f1a admiti\u00f3 haber pagado en el pa\u00eds caribe\u00f1o entre 2001 y 2014.EFE<\/p>\n","protected":false},"excerpt":{"rendered":"<p>Santo Domingo, 20 abr.- El Primer Tribunal Colegiado del Distrito Nacional, que enjuicia a los seis dominicanos acusados de recibir sobornos de la constructora brasile\u00f1a Odebrecht, rechaz\u00f3 este martes admitir las delaciones de exejecutivos de la empresa y que fueron aportadas por el Ministerio P\u00fablico brasile\u00f1o. El tribunal concluy\u00f3 que el Ministerio P\u00fablico dominicano no [&hellip;]<\/p>\n","protected":false},"author":4,"featured_media":73415,"comment_status":"open","ping_status":"open","sticky":false,"template":"","format":"standard","meta":{"footnotes":""},"categories":[63,44],"tags":[],"class_list":["post-73414","post","type-post","status-publish","format-standard","has-post-thumbnail","hentry","category-economia","category-republica-dominicana"],"_links":{"self":[{"href":"https:\/\/2horizontes.com\/index.php?rest_route=\/wp\/v2\/posts\/73414","targetHints":{"allow":["GET"]}}],"collection":[{"href":"https:\/\/2horizontes.com\/index.php?rest_route=\/wp\/v2\/posts"}],"about":[{"href":"https:\/\/2horizontes.com\/index.php?rest_route=\/wp\/v2\/types\/post"}],"author":[{"embeddable":true,"href":"https:\/\/2horizontes.com\/index.php?rest_route=\/wp\/v2\/users\/4"}],"replies":[{"embeddable":true,"href":"https:\/\/2horizontes.com\/index.php?rest_route=%2Fwp%2Fv2%2Fcomments&post=73414"}],"version-history":[{"count":1,"href":"https:\/\/2horizontes.com\/index.php?rest_route=\/wp\/v2\/posts\/73414\/revisions"}],"predecessor-version":[{"id":73416,"href":"https:\/\/2horizontes.com\/index.php?rest_route=\/wp\/v2\/posts\/73414\/revisions\/73416"}],"wp:featuredmedia":[{"embeddable":true,"href":"https:\/\/2horizontes.com\/index.php?rest_route=\/wp\/v2\/media\/73415"}],"wp:attachment":[{"href":"https:\/\/2horizontes.com\/index.php?rest_route=%2Fwp%2Fv2%2Fmedia&parent=73414"}],"wp:term":[{"taxonomy":"category","embeddable":true,"href":"https:\/\/2horizontes.com\/index.php?rest_route=%2Fwp%2Fv2%2Fcategories&post=73414"},{"taxonomy":"post_tag","embeddable":true,"href":"https:\/\/2horizontes.com\/index.php?rest_route=%2Fwp%2Fv2%2Ftags&post=73414"}],"curies":[{"name":"wp","href":"https:\/\/api.w.org\/{rel}","templated":true}]}}