{"id":73322,"date":"2021-04-08T15:19:00","date_gmt":"2021-04-08T14:19:00","guid":{"rendered":"http:\/\/2horizontes.com\/?p=73322"},"modified":"2021-04-08T15:19:02","modified_gmt":"2021-04-08T14:19:02","slug":"sector-electrico-ha-crecido-un-56-35-de-agosto-a-la-fecha-dice-el-gobierno","status":"publish","type":"post","link":"https:\/\/2horizontes.com\/?p=73322","title":{"rendered":"Sector el\u00e9ctrico ha crecido un 56.35% de agosto a la fecha, dice el gobierno"},"content":{"rendered":"\n<p><strong>Santo Domingo, RD.<\/strong><\/p>\n\n\n\n<p>El presidente Luis Abinader, particip\u00f3 este mi\u00e9rcoles en la Mesa Presidencial de la Industrializaci\u00f3n, donde el gobierno pasa balance a la creaci\u00f3n de empleos en el pa\u00eds y las industrias que favorecen este aumento laboral en Rep\u00fablica Dominicana.<\/p>\n\n\n\n<p>&nbsp;El mandatario asegur\u00f3 que desde agosto del 2020 hasta abril de este a\u00f1o se han aprobado unas 45 empresas, &nbsp;que corresponden a &nbsp;unos 6,597 empleos, con una inversi\u00f3n de 7,196 millones de pesos e ingresos de divisas por m\u00e1s 120 millones de d\u00f3lares.<\/p>\n\n\n\n<p>De igual forma, el ministro de Industria y Comercio, Victor (Ito) Bison\u00f3, indic\u00f3 que este crecimiento en los empleos, desde agosto a la fecha, se han dado en varios sectores importantes como el el\u00e9ctrico, farmac\u00e9utico y tabaco.<\/p>\n\n\n\n<p>El funcionario asegur\u00f3 que el sector el\u00e9ctrico ha crecido en cuanto a empleos un 56.35, el &nbsp;tabaco m\u00e1s de un 35% y los de productos m\u00e9dicos y farmac\u00e9utico un 33 por ciento.<\/p>\n\n\n\n<p>De igual forma, expresaron que la industria de manufactura local alcanz\u00f3 un crecimiento de 6.5 durante febrero de 2021 en comparaci\u00f3n con el mismo mes de febrero de 2020 cuando todav\u00eda el pa\u00eds no hab\u00eda afectado a\u00fan la pandemia.<\/p>\n\n\n\n<p>El presidente Luis Abinader, asegur\u00f3 que el gobierno continua realizando grandes esfuerzos en la creaci\u00f3n de empleos y en las ayudas dadas a aquellos que lo han perdido.<\/p>\n\n\n\n<p>En ese aspecto dijo que en Fase 1 todav\u00eda hay m\u00e1s de 40 mil desempleados.<\/p>\n\n\n\n<p>Asimismo, aseguraron que desde inicio de la pandemia el costo de mantener programas sociales le ha costado al gobierno m\u00e1s de 100 millones de pesos.<\/p>\n\n\n\n<p>Esta Mesa Presidencial de la Industrializaci\u00f3n fue creada mediante el decreto 588-20 y la conforman el presidente de la Rep\u00fablica, los ministros de Industria Comercio, Relaciones Exteriores, Hacienda, Econom\u00eda Planificaci\u00f3n y Desarrollo, Educaci\u00f3n Superior, los directores del Consejo Nacional de Zonas Francas, Aduanas, Centro de Desarrollo y Competitividad Industrial, Consejo de Competitividad, Impuestos Internos y del Insituto Nacional de Formaci\u00f3n T\u00e9cnico Profesional.<\/p>\n\n\n\n<p>Tambi\u00e9n est\u00e1 integrada por el sector privado con personalidades como Jos\u00e9 Vitienes, del Banco BHD Le\u00f3n, Luis Molina Ach\u00e9car; de PIISA, Manuel Enrique Tavares; del Grupo Linda, F\u00e9lix Garc\u00eda, de DP World Caucedo, Samuel Conde; del Grupo M, Fernando Capell\u00e1n, Mercasid, Ligia Bonetti, de la Asociaci\u00f3n de Industrias de la Rep\u00fablica Dominicana (AIRD), Celso Juan Marranzini y del Banco Popular, Christopher Paniagua.<\/p>\n","protected":false},"excerpt":{"rendered":"<p>Santo Domingo, RD. El presidente Luis Abinader, particip\u00f3 este mi\u00e9rcoles en la Mesa Presidencial de la Industrializaci\u00f3n, donde el gobierno pasa balance a la creaci\u00f3n de empleos en el pa\u00eds y las industrias que favorecen este aumento laboral en Rep\u00fablica Dominicana. &nbsp;El mandatario asegur\u00f3 que desde agosto del 2020 hasta abril de este a\u00f1o se [&hellip;]<\/p>\n","protected":false},"author":4,"featured_media":73323,"comment_status":"open","ping_status":"open","sticky":false,"template":"","format":"standard","meta":{"footnotes":""},"categories":[43,44,88],"tags":[],"class_list":["post-73322","post","type-post","status-publish","format-standard","has-post-thumbnail","hentry","category-politica","category-republica-dominicana","category-tecnologia"],"_links":{"self":[{"href":"https:\/\/2horizontes.com\/index.php?rest_route=\/wp\/v2\/posts\/73322","targetHints":{"allow":["GET"]}}],"collection":[{"href":"https:\/\/2horizontes.com\/index.php?rest_route=\/wp\/v2\/posts"}],"about":[{"href":"https:\/\/2horizontes.com\/index.php?rest_route=\/wp\/v2\/types\/post"}],"author":[{"embeddable":true,"href":"https:\/\/2horizontes.com\/index.php?rest_route=\/wp\/v2\/users\/4"}],"replies":[{"embeddable":true,"href":"https:\/\/2horizontes.com\/index.php?rest_route=%2Fwp%2Fv2%2Fcomments&post=73322"}],"version-history":[{"count":1,"href":"https:\/\/2horizontes.com\/index.php?rest_route=\/wp\/v2\/posts\/73322\/revisions"}],"predecessor-version":[{"id":73324,"href":"https:\/\/2horizontes.com\/index.php?rest_route=\/wp\/v2\/posts\/73322\/revisions\/73324"}],"wp:featuredmedia":[{"embeddable":true,"href":"https:\/\/2horizontes.com\/index.php?rest_route=\/wp\/v2\/media\/73323"}],"wp:attachment":[{"href":"https:\/\/2horizontes.com\/index.php?rest_route=%2Fwp%2Fv2%2Fmedia&parent=73322"}],"wp:term":[{"taxonomy":"category","embeddable":true,"href":"https:\/\/2horizontes.com\/index.php?rest_route=%2Fwp%2Fv2%2Fcategories&post=73322"},{"taxonomy":"post_tag","embeddable":true,"href":"https:\/\/2horizontes.com\/index.php?rest_route=%2Fwp%2Fv2%2Ftags&post=73322"}],"curies":[{"name":"wp","href":"https:\/\/api.w.org\/{rel}","templated":true}]}}