{"id":73304,"date":"2021-04-08T14:43:54","date_gmt":"2021-04-08T13:43:54","guid":{"rendered":"http:\/\/2horizontes.com\/?p=73304"},"modified":"2021-04-08T14:43:55","modified_gmt":"2021-04-08T13:43:55","slug":"detienen-dominicano-en-espana-por-apunalar-a-peruano","status":"publish","type":"post","link":"https:\/\/2horizontes.com\/?p=73304","title":{"rendered":"Detienen dominicano en Espa\u00f1a por apu\u00f1alar a peruano"},"content":{"rendered":"\n<p><strong>Europa Press<\/strong><strong>Espa\u00f1a<\/strong><\/p>\n\n\n\n<p>La Polic\u00eda Nacional ha detenido en su casa a un joven dominicano de 20 a\u00f1os acusado de apu\u00f1alar en San Sebasti\u00e1n de los Reyes, en Espa\u00f1a, a un peruano de 25 a\u00f1os, que se encuentra hospitalizado de gravedad, han indicado a Europa Press fuentes policiales.<\/p>\n\n\n\n<p>El primer aviso lo recibieron los equipos de emergencias por parte de la novia de la v\u00edctima sobre las 08:15 de la noche del martes. Hasta el lugar de los hechos acudieron sanitarios del Summa-112, quienes estabilizaron al joven, que presenta una herida profunda en el t\u00f3rax, antes de ser trasladado en UVI m\u00f3vil al Hospital Ram\u00f3n y Cajal.<\/p>\n\n\n\n<p>Tras la r\u00e1pida detenci\u00f3n en su casa del posible autor de los hechos, la Polic\u00eda Nacional est\u00e1 investigando las causas y circunstancias. En principio, barajan el m\u00f3vil sentimental o amoroso como causa del apu\u00f1alamiento, descartando problemas entre bandas latinas.<\/p>\n","protected":false},"excerpt":{"rendered":"<p>Europa PressEspa\u00f1a La Polic\u00eda Nacional ha detenido en su casa a un joven dominicano de 20 a\u00f1os acusado de apu\u00f1alar en San Sebasti\u00e1n de los Reyes, en Espa\u00f1a, a un peruano de 25 a\u00f1os, que se encuentra hospitalizado de gravedad, han indicado a Europa Press fuentes policiales. El primer aviso lo recibieron los equipos de [&hellip;]<\/p>\n","protected":false},"author":4,"featured_media":73305,"comment_status":"open","ping_status":"open","sticky":false,"template":"","format":"standard","meta":{"footnotes":""},"categories":[46,85],"tags":[],"class_list":["post-73304","post","type-post","status-publish","format-standard","has-post-thumbnail","hentry","category-dominicanos-en-madrid","category-espana"],"_links":{"self":[{"href":"https:\/\/2horizontes.com\/index.php?rest_route=\/wp\/v2\/posts\/73304","targetHints":{"allow":["GET"]}}],"collection":[{"href":"https:\/\/2horizontes.com\/index.php?rest_route=\/wp\/v2\/posts"}],"about":[{"href":"https:\/\/2horizontes.com\/index.php?rest_route=\/wp\/v2\/types\/post"}],"author":[{"embeddable":true,"href":"https:\/\/2horizontes.com\/index.php?rest_route=\/wp\/v2\/users\/4"}],"replies":[{"embeddable":true,"href":"https:\/\/2horizontes.com\/index.php?rest_route=%2Fwp%2Fv2%2Fcomments&post=73304"}],"version-history":[{"count":1,"href":"https:\/\/2horizontes.com\/index.php?rest_route=\/wp\/v2\/posts\/73304\/revisions"}],"predecessor-version":[{"id":73306,"href":"https:\/\/2horizontes.com\/index.php?rest_route=\/wp\/v2\/posts\/73304\/revisions\/73306"}],"wp:featuredmedia":[{"embeddable":true,"href":"https:\/\/2horizontes.com\/index.php?rest_route=\/wp\/v2\/media\/73305"}],"wp:attachment":[{"href":"https:\/\/2horizontes.com\/index.php?rest_route=%2Fwp%2Fv2%2Fmedia&parent=73304"}],"wp:term":[{"taxonomy":"category","embeddable":true,"href":"https:\/\/2horizontes.com\/index.php?rest_route=%2Fwp%2Fv2%2Fcategories&post=73304"},{"taxonomy":"post_tag","embeddable":true,"href":"https:\/\/2horizontes.com\/index.php?rest_route=%2Fwp%2Fv2%2Ftags&post=73304"}],"curies":[{"name":"wp","href":"https:\/\/api.w.org\/{rel}","templated":true}]}}