{"id":73286,"date":"2021-04-07T16:03:13","date_gmt":"2021-04-07T15:03:13","guid":{"rendered":"http:\/\/2horizontes.com\/?p=73286"},"modified":"2021-04-07T16:03:15","modified_gmt":"2021-04-07T15:03:15","slug":"espana-encara-el-fin-de-la-pandemia-85-millones-de-vacunas-en-seis-meses","status":"publish","type":"post","link":"https:\/\/2horizontes.com\/?p=73286","title":{"rendered":"Espa\u00f1a encara el fin de la pandemia: 85 millones de vacunas en seis meses"},"content":{"rendered":"\n<p>S\u00e1nchez anuncia que el 70% de la poblaci\u00f3n estar\u00e1 inmunizada a finales de agosto<\/p>\n\n\n\n<p>El presidente del Gobierno, Pedro S\u00e1nchez, redobla la apuesta pese a los retrasos y mantiene las previsiones de vacunaci\u00f3n: antes de seis meses, el 70% de la poblaci\u00f3n espa\u00f1ola (33 millones de personas) estar\u00e1 inmunizada y el mayor problema sanitario en la historia del pa\u00eds, resuelto. Mientras en la UE se multiplican las dudas por los constantes problemas y el ritmo mucho m\u00e1s lento que el de EE UU o el Reino Unido, el jefe del Ejecutivo realiz\u00f3 este martes una comparecencia espec\u00edfica para lanzar un mensaje optimista y garantizar que los planes se cumplir\u00e1n porque en los pr\u00f3ximos seis meses, anunci\u00f3, llegar\u00e1n 85 millones de vacunas.<\/p>\n\n\n\n<h1 class=\"wp-block-heading\">Ritmo de vacunaci\u00f3n previsto hasta finales de agosto<\/h1>\n\n\n\n<figure class=\"wp-block-table\"><table><thead><tr><th><strong>Fecha<\/strong><\/th><th><strong>Vacunados con la pauta completa<\/strong><\/th><th><strong>% de poblaci\u00f3n<\/strong><\/th><\/tr><\/thead><tbody><tr><td>3-9 mayo<\/td><td>5.000.000<\/td><td>1010<\/td><\/tr><tr><td>31 de mayo-6 de junio<\/td><td>10.000.000<\/td><td>2121<\/td><\/tr><tr><td>14-20 de junio<\/td><td>15.000.000<\/td><td>3131<\/td><\/tr><tr><td>19-25 de julio<\/td><td>25.000.000<\/td><td>5353<\/td><\/tr><tr><td>Fin de agosto<\/td><td>33.000.000<\/td><td><\/td><\/tr><\/tbody><\/table><figcaption>\u00a0EL PA\u00cdS Fuente:\u00a0Ministerio de Sanidad y elaboraci\u00f3n  propia.<\/figcaption><\/figure>\n","protected":false},"excerpt":{"rendered":"<p>S\u00e1nchez anuncia que el 70% de la poblaci\u00f3n estar\u00e1 inmunizada a finales de agosto El presidente del Gobierno, Pedro S\u00e1nchez, redobla la apuesta pese a los retrasos y mantiene las previsiones de vacunaci\u00f3n: antes de seis meses, el 70% de la poblaci\u00f3n espa\u00f1ola (33 millones de personas) estar\u00e1 inmunizada y el mayor problema sanitario en [&hellip;]<\/p>\n","protected":false},"author":4,"featured_media":73287,"comment_status":"open","ping_status":"open","sticky":false,"template":"","format":"standard","meta":{"footnotes":""},"categories":[85,43,45],"tags":[],"class_list":["post-73286","post","type-post","status-publish","format-standard","has-post-thumbnail","hentry","category-espana","category-politica","category-salud"],"_links":{"self":[{"href":"https:\/\/2horizontes.com\/index.php?rest_route=\/wp\/v2\/posts\/73286","targetHints":{"allow":["GET"]}}],"collection":[{"href":"https:\/\/2horizontes.com\/index.php?rest_route=\/wp\/v2\/posts"}],"about":[{"href":"https:\/\/2horizontes.com\/index.php?rest_route=\/wp\/v2\/types\/post"}],"author":[{"embeddable":true,"href":"https:\/\/2horizontes.com\/index.php?rest_route=\/wp\/v2\/users\/4"}],"replies":[{"embeddable":true,"href":"https:\/\/2horizontes.com\/index.php?rest_route=%2Fwp%2Fv2%2Fcomments&post=73286"}],"version-history":[{"count":1,"href":"https:\/\/2horizontes.com\/index.php?rest_route=\/wp\/v2\/posts\/73286\/revisions"}],"predecessor-version":[{"id":73288,"href":"https:\/\/2horizontes.com\/index.php?rest_route=\/wp\/v2\/posts\/73286\/revisions\/73288"}],"wp:featuredmedia":[{"embeddable":true,"href":"https:\/\/2horizontes.com\/index.php?rest_route=\/wp\/v2\/media\/73287"}],"wp:attachment":[{"href":"https:\/\/2horizontes.com\/index.php?rest_route=%2Fwp%2Fv2%2Fmedia&parent=73286"}],"wp:term":[{"taxonomy":"category","embeddable":true,"href":"https:\/\/2horizontes.com\/index.php?rest_route=%2Fwp%2Fv2%2Fcategories&post=73286"},{"taxonomy":"post_tag","embeddable":true,"href":"https:\/\/2horizontes.com\/index.php?rest_route=%2Fwp%2Fv2%2Ftags&post=73286"}],"curies":[{"name":"wp","href":"https:\/\/api.w.org\/{rel}","templated":true}]}}