{"id":73277,"date":"2021-04-07T15:22:43","date_gmt":"2021-04-07T14:22:43","guid":{"rendered":"http:\/\/2horizontes.com\/?p=73277"},"modified":"2021-04-07T15:22:45","modified_gmt":"2021-04-07T14:22:45","slug":"donde-se-puede-viajar-comunidades-con-cierre-perimetral-y-restricciones-de-movilidad-entre-provincias","status":"publish","type":"post","link":"https:\/\/2horizontes.com\/?p=73277","title":{"rendered":"D\u00f3nde se puede viajar: Comunidades con cierre perimetral y restricciones de movilidad entre provincias"},"content":{"rendered":"\n<p><strong>Las comunidades aut\u00f3nomas han acordado el cierre perimetral hasta el 9 de abril por la Semana Santa. Consulta las restricciones de movilidad vigentes en cada regi\u00f3n<\/strong>.<\/p>\n\n\n\n<p>Las Comunidades Aut\u00f3nomas acordaron junto a Sanidad el&nbsp;<strong>cierre perimetral&nbsp;<\/strong>de todas las regiones&nbsp;<strong>hasta el viernes 9 de abril&nbsp;<\/strong>por la&nbsp;<a href=\"https:\/\/www.elmundo.es\/espana\/2021\/03\/11\/604a0edf21efa02e758b45b6.html\" target=\"_blank\" rel=\"noreferrer noopener\">Semana Santa<\/a>. Una&nbsp;<strong>limitaci\u00f3n de la movilidad<\/strong>&nbsp;de las que quedan fuera las islas Canarias.<\/p>\n\n\n\n<p>Una vez finalice la norma, solo las&nbsp;<strong>Islas Canarias<\/strong>,&nbsp;<strong>Baleares<\/strong>,&nbsp;<strong>Extremadura&nbsp;<\/strong>y la&nbsp;<strong>Comunidad de Madrid<\/strong>&nbsp;permiten la entrada y salida de sus territorios.<\/p>\n\n\n\n<p>Al mismo tiempo, hay comunidades que permiten la&nbsp;<strong>movilidad entre provincias<\/strong>&nbsp;y otras que no. Detallamos las&nbsp;<strong>medidas de movilidad en vigor en cada comunidad aut\u00f3noma<\/strong>.<\/p>\n\n\n\n<h2 class=\"wp-block-heading\">ANDALUC\u00cdA<\/h2>\n\n\n\n<p><strong>Andaluc\u00eda<\/strong>&nbsp;mantiene&nbsp;<strong>cerrada perimetralmente<\/strong>&nbsp;la comunidad y&nbsp;<strong>tampoco permite viajar entre sus ocho provincias<\/strong>. El \u00faltimo decreto de la Junta establece el cierre perimetral de las provincias hasta el 9 de abril.<\/p>\n\n\n\n<p>Adem\u00e1s, la Junta aplica el cierre perimetral en aquellos municipios que superan una tasa de contagio superior a 500 casos por cada 100.000 habitantes en los \u00faltimos 14 d\u00edas.<\/p>\n\n\n\n<h2 class=\"wp-block-heading\">ARAG\u00d3N<\/h2>\n\n\n\n<p><strong>Arag\u00f3n&nbsp;<\/strong>mantiene el cierre perimetral de la comunidad al menos hasta el 9 de abril, pero permite los desplazamientos entre las tres provincias. Desde las 00:00 horas del d\u00eda 7 de abril la localidad de Tarazona estar\u00e1 cerrada perimetralmente.<\/p>\n\n\n\n<h2 class=\"wp-block-heading\">ASTURIAS<\/h2>\n\n\n\n<p><strong>Asturias<\/strong>\u00a0tambi\u00e9n proh\u00edbe entrar y salir de la comunidad. Adem\u00e1s, cierra perimetralmente los\u00a0concejos con un nivel de alerta 4+.<\/p>\n\n\n\n<h2 class=\"wp-block-heading\">BALEARES<\/h2>\n\n\n\n<p><strong>Baleares ha decretado el cierre perimetral de la comunidad hasta el 12 de abril<\/strong>, aunque s\u00ed&nbsp;<strong>permite la movilidad entre islas<\/strong>. Este cierre no afecta a los viajeros procedentes del extranjero ya que Baleares no tiene competencias para limitar la movilidad con el exterior.<\/p>\n\n\n\n<h2 class=\"wp-block-heading\">CANARIAS<\/h2>\n\n\n\n<p>Las\u00a0<strong>islas Canarias<\/strong>\u00a0no est\u00e1n cerradas perimetralmente. Eso s\u00ed, para llegar a ellas hay que presentar una\u00a0<strong>prueba de Covid negativa realizada en las 72 horas anteriores<\/strong>. Adem\u00e1s, las islas con nivel de alerta 3 y 4 aplican unas\u00a0restricciones especiales.<\/p>\n\n\n\n<h2 class=\"wp-block-heading\">CANTABRIA<\/h2>\n\n\n\n<p><strong>Cantabria&nbsp;<\/strong>se encuentra cerrada perimetralmente al menos hasta el 15 de abril.<\/p>\n\n\n\n<h2 class=\"wp-block-heading\">CASTILLA Y LE\u00d3N<\/h2>\n\n\n\n<p><strong>Castilla y Le\u00f3n<\/strong>&nbsp;est\u00e1 cerrada perimetralmente en principio hasta el 9 de mayo.&nbsp;<strong>S\u00ed se permite la movilidad entre provincias<\/strong>.<\/p>\n\n\n\n<h2 class=\"wp-block-heading\">CASTILLA-LA MANCHA<\/h2>\n\n\n\n<p><strong>Castilla-La Mancha<\/strong>&nbsp;mantiene el cierre perimetral en la comunidad aut\u00f3noma, pero s\u00ed permite la&nbsp;<strong>movilidad entre provincias<\/strong>.<\/p>\n\n\n\n<h2 class=\"wp-block-heading\">CATALU\u00d1A<\/h2>\n\n\n\n<p>As\u00ed mismo,&nbsp;<strong>Catalu\u00f1a<\/strong>&nbsp;aplica el cierre perimetral en la comunidad aut\u00f3noma. Sin embargo,&nbsp;<strong>la Generalitat permite el desplazamiento comarcal<\/strong>. Eso s\u00ed, siempre que los desplazamientos sean con el mismo n\u00facleo de convivencia.<\/p>\n\n\n\n<h2 class=\"wp-block-heading\">COMUNIDAD DE MADRID<\/h2>\n\n\n\n<p>La&nbsp;<strong>Comunidad de Madrid<\/strong>&nbsp;permite la libre entrada y salida de su territorio excepto en el periodo entre el 26 de marzo al 9 de abril. El \u00fanico confinamiento perimetral establecido es el de las&nbsp;<a href=\"https:\/\/www.elmundo.es\/madrid\/2021\/02\/22\/6033617821efa047478b4628.html\" target=\"_blank\" rel=\"noreferrer noopener\">zonas b\u00e1sicas de salud o municipios con restricciones<\/a>.<\/p>\n\n\n\n<h2 class=\"wp-block-heading\">COMUNIDAD VALENCIANA<\/h2>\n\n\n\n<p>La Comunidad Valenciana est\u00e1&nbsp;<strong>cerrada perimetralmente<\/strong>. La movilidad entre provincias est\u00e1 permitida.<\/p>\n\n\n\n<h2 class=\"wp-block-heading\">EXTREMADURA<\/h2>\n\n\n\n<p>Actualmente,&nbsp;<strong>Extremadura<\/strong>&nbsp;no aplica cierres perimetrales ni en la regi\u00f3n ni en sus municipios. S\u00ed cierra sus fronteras en el periodo decretado por Sanidad (26 de marzo al 9 de abril). La comunidad cierra perimetralmente los municipios con mayor incidencia del coronavirus.<\/p>\n\n\n\n<h2 class=\"wp-block-heading\">GALICIA<\/h2>\n\n\n\n<p><strong>Galicia<\/strong>&nbsp;proh\u00edbe entrar y salir de la comunidad sin causas justificadas. Adem\u00e1s, la Xunta ha establecido tres niveles de alerta en funci\u00f3n de la incidencia del coronavirus. En un primer nivel, el m\u00e1s restrictivo, est\u00e1n los ayuntamientos que superan los 500 casos por 100.000 habitantes, donde se mantiene el cierre perimetral municipal salvo causa justificada. En el nivel intermedio, al igual que en el m\u00e1s laxo, los habitantes podr\u00e1n moverse entre municipios que tengan la misma incidencia del virus.<\/p>\n\n\n\n<h2 class=\"wp-block-heading\">LA RIOJA<\/h2>\n\n\n\n<p><strong>La Rioja<\/strong>&nbsp;se encuentra confinada perimetralmente a nivel auton\u00f3mico. El gobierno regional tambi\u00e9n confina puntualmente los municipios con mayor incidencia del Covid.<\/p>\n\n\n\n<h2 class=\"wp-block-heading\">MURCIA<\/h2>\n\n\n\n<p>La&nbsp;<strong>Regi\u00f3n de Murcia<\/strong>&nbsp;aplica el cierre perimetral en la comunidad. Adem\u00e1s, est\u00e1n cerrados perimetralmente los municipios en nivel de alerta extremo.<\/p>\n\n\n\n<h2 class=\"wp-block-heading\">NAVARRA<\/h2>\n\n\n\n<p>El&nbsp;<strong>Gobierno de Navarra&nbsp;<\/strong>mantiene el cierre perimetral de su territorio al menos hasta el 22 de abril. Tambi\u00e9n confina los municipios con peores tasas Covid.<\/p>\n\n\n\n<h2 class=\"wp-block-heading\">PA\u00cdS VASCO<\/h2>\n\n\n\n<p>El Pa\u00eds Vasco se encuentra cerrado perimetralmente. Adem\u00e1s, desde el el 7 de abril, confina la provincia de \u00c1lava y 26 localidades, incluida la ciudad de Vitoria. Desde el 31 de marzo, el gobierno de Euskadi cierra los municipios con una incidencia superior a 400 por 100.000 habitantes y m\u00e1s de 5.000 habitantes. Se permite la movilidad con localidades colindantes de tr\u00e1nsito habitual para hacer comprar y actividad f\u00edsica al aire libre.<\/p>\n\n\n\n<h2 class=\"wp-block-heading\">CEUTA Y MELILLA<\/h2>\n\n\n\n<p>Las Ciudades Aut\u00f3nomas de Ceuta y Melilla se encuentran cerradas perimetralmente.<\/p>\n","protected":false},"excerpt":{"rendered":"<p>Las comunidades aut\u00f3nomas han acordado el cierre perimetral hasta el 9 de abril por la Semana Santa. Consulta las restricciones de movilidad vigentes en cada regi\u00f3n. Las Comunidades Aut\u00f3nomas acordaron junto a Sanidad el&nbsp;cierre perimetral&nbsp;de todas las regiones&nbsp;hasta el viernes 9 de abril&nbsp;por la&nbsp;Semana Santa. Una&nbsp;limitaci\u00f3n de la movilidad&nbsp;de las que quedan fuera las islas [&hellip;]<\/p>\n","protected":false},"author":4,"featured_media":73278,"comment_status":"open","ping_status":"open","sticky":true,"template":"","format":"standard","meta":{"footnotes":""},"categories":[85,53],"tags":[],"class_list":["post-73277","post","type-post","status-publish","format-standard","has-post-thumbnail","hentry","category-espana","category-provincias"],"_links":{"self":[{"href":"https:\/\/2horizontes.com\/index.php?rest_route=\/wp\/v2\/posts\/73277","targetHints":{"allow":["GET"]}}],"collection":[{"href":"https:\/\/2horizontes.com\/index.php?rest_route=\/wp\/v2\/posts"}],"about":[{"href":"https:\/\/2horizontes.com\/index.php?rest_route=\/wp\/v2\/types\/post"}],"author":[{"embeddable":true,"href":"https:\/\/2horizontes.com\/index.php?rest_route=\/wp\/v2\/users\/4"}],"replies":[{"embeddable":true,"href":"https:\/\/2horizontes.com\/index.php?rest_route=%2Fwp%2Fv2%2Fcomments&post=73277"}],"version-history":[{"count":1,"href":"https:\/\/2horizontes.com\/index.php?rest_route=\/wp\/v2\/posts\/73277\/revisions"}],"predecessor-version":[{"id":73279,"href":"https:\/\/2horizontes.com\/index.php?rest_route=\/wp\/v2\/posts\/73277\/revisions\/73279"}],"wp:featuredmedia":[{"embeddable":true,"href":"https:\/\/2horizontes.com\/index.php?rest_route=\/wp\/v2\/media\/73278"}],"wp:attachment":[{"href":"https:\/\/2horizontes.com\/index.php?rest_route=%2Fwp%2Fv2%2Fmedia&parent=73277"}],"wp:term":[{"taxonomy":"category","embeddable":true,"href":"https:\/\/2horizontes.com\/index.php?rest_route=%2Fwp%2Fv2%2Fcategories&post=73277"},{"taxonomy":"post_tag","embeddable":true,"href":"https:\/\/2horizontes.com\/index.php?rest_route=%2Fwp%2Fv2%2Ftags&post=73277"}],"curies":[{"name":"wp","href":"https:\/\/api.w.org\/{rel}","templated":true}]}}