{"id":73274,"date":"2021-04-07T15:11:32","date_gmt":"2021-04-07T14:11:32","guid":{"rendered":"http:\/\/2horizontes.com\/?p=73274"},"modified":"2021-04-07T15:11:36","modified_gmt":"2021-04-07T14:11:36","slug":"cataluna-vuelve-el-viernes-al-confinamiento-comarcal-por-la-presion-del-covid-19","status":"publish","type":"post","link":"https:\/\/2horizontes.com\/?p=73274","title":{"rendered":"Catalu\u00f1a vuelve el viernes al confinamiento comarcal por la presi\u00f3n del Covid-19"},"content":{"rendered":"\n<p><strong>Ada Colau ha advertido de que no se puede repetir un nuevo confinamiento comarcal porque se podr\u00eda lograr el efecto contrario: \u00abHemos comprobado que se pueden producir aglomeraciones en zonas como la playa, el centro y Collserola\u00bb<\/strong><\/p>\n\n\n\n<p>Catalu\u00f1a volver\u00e1 al confinamiento perimetral comarcal con car\u00e1cter general,<strong>\u00a0tambi\u00e9n para las burbujas de convivencia<\/strong>, a partir de este viernes a fin de evitar desplazamientos el fin de semana ante la crecientepresi\u00f3n hospitalaria por la  Covid-19.<\/p>\n\n\n\n<p>As\u00ed lo han confirmado fuentes del Ejecutivo catal\u00e1n en un momento en el que, despu\u00e9s de la libertad de movimiento -dentro de la burbuja de convivencia- durante la Semana Santa,&nbsp;<strong>las UCI se est\u00e1n llenando en Catalu\u00f1a<\/strong>.<\/p>\n\n\n\n<p>Las mismas fuentes, consultadas por Efe, han indicado que el Plan Territorial de Protecci\u00f3n Civil de Catalu\u00f1a (Procicat) se ha reunido este mediod\u00eda para acordar la medida y que<strong>&nbsp;se anunciar\u00e1 formalmente esta tarde<\/strong>&nbsp;en una conferencia de prensa.<\/p>\n\n\n\n<p>As\u00ed, Catalu\u00f1a&nbsp;<strong>dar\u00e1 un paso atr\u00e1s<\/strong>: despu\u00e9s de tres fines de semanas seguidos, Semana Santa incluida, en los que se ha permitido el desplazamiento libre dentro de la comunidad solo con la burbuja de convivencia, a partir del pr\u00f3ximo viernes esto ya no ser\u00e1 posible.<\/p>\n\n\n\n<p>Sin perjuicio de que pueda haber m\u00e1s restricciones, de momento el Procicat va a acordar el confinamiento comarcal con car\u00e1cter general<strong>&nbsp;a partir del d\u00eda 9<\/strong>, que solo se podr\u00e1 romper por trabajo, urgencias u otras causas justificadas.<\/p>\n\n\n\n<p>La presi\u00f3n en los hospitales ha llevado al Procicat a no esperar m\u00e1s para endurecer medidas, pues los pacientes en estado grave por Covid-19 siguen aumentando, con&nbsp;<strong>458 cr\u00edticos en la UCI<\/strong>, 13 m\u00e1s que el pasado martes.<\/p>\n\n\n\n<p>En las \u00faltimas 24 horas se han diagnosticado&nbsp;<strong>1.764 nuevos contagios y se han notificado 30 muertes m\u00e1s<\/strong>&nbsp;por Covid, y la previsi\u00f3n es que las cifras empeoren por el impacto de la variante brit\u00e1nica -ya ampliamente mayoritaria y m\u00e1s contagiosa que la original- y por los casos infradiagnosticados durante los festivos de Semana Santa, que van a aflorar en los pr\u00f3ximos d\u00edas.<\/p>\n\n\n\n<h2 class=\"wp-block-heading\">EL AYUNTAMIENTO, EN CONTRA<\/h2>\n\n\n\n<p>La alcaldesa de Barcelona,&nbsp;<strong>Ada Colau<\/strong>, ha advertido de que no se puede repetir un nuevo confinamiento comarcal porque se podr\u00eda lograr el efecto contrario al que se busca: \u00abHemos comprobado que se pueden producir aglomeraciones en zonas como la playa, el centro y Collserola\u00bb.<\/p>\n\n\n\n<p>Lo ha dicho en declaraciones a la prensa&nbsp;<strong>tras reunirse con el Govern<\/strong>, despu\u00e9s de que el Procicat ha decidido eliminar la posibilidad de que personas de una misma burbuja de convivencia puedan traspasar el per\u00edmetro de la comarca.<\/p>\n\n\n\n<p>\u00abNo hemos cuestionado nunca que se tomen medidas cuando los datos empeoran, como es el caso.\u00a0<strong>Lo primero es proteger la salud<\/strong>. Pero s\u00ed hemos trasladado que no se puede repetir un nuevo confinamiento comarcal en Barcelona\u00bb, ha expresado.M\u00e1s en El MundoDescartan la trombosis cerebral en una vacunada con AstraZeneca ingresada en un hospital de AsturiasUna anciana entrega una nota de auxilio al enfermero que la vacunaba de covid para escapar del secuestro de su hija y su yerno<\/p>\n\n\n\n<p>Ha recordado que Barcelona es una ciudad \u00abextremadamente densa\u00bb y que las aglomeraciones en las playas, en el centro y en Collserola&nbsp;<strong>pueden ser peligrosas para la salud p\u00fablica<\/strong>, por lo que ha pedido al Procicat que revise su decisi\u00f3n.<\/p>\n\n\n\n<p>\u00abPuede ser una decisi\u00f3n buena para otros territorios, pero en Barcelona&nbsp;<strong>se debe tener en cuenta la realidad metropolitana<\/strong>\u00ab, ha insistido Colau, que ha pedido restricciones efectivas que no generen resultados contrarios a los que se persiguen.<\/p>\n","protected":false},"excerpt":{"rendered":"<p>Ada Colau ha advertido de que no se puede repetir un nuevo confinamiento comarcal porque se podr\u00eda lograr el efecto contrario: \u00abHemos comprobado que se pueden producir aglomeraciones en zonas como la playa, el centro y Collserola\u00bb Catalu\u00f1a volver\u00e1 al confinamiento perimetral comarcal con car\u00e1cter general,\u00a0tambi\u00e9n para las burbujas de convivencia, a partir de este [&hellip;]<\/p>\n","protected":false},"author":4,"featured_media":73275,"comment_status":"open","ping_status":"open","sticky":false,"template":"","format":"standard","meta":{"footnotes":""},"categories":[85],"tags":[],"class_list":["post-73274","post","type-post","status-publish","format-standard","has-post-thumbnail","hentry","category-espana"],"_links":{"self":[{"href":"https:\/\/2horizontes.com\/index.php?rest_route=\/wp\/v2\/posts\/73274","targetHints":{"allow":["GET"]}}],"collection":[{"href":"https:\/\/2horizontes.com\/index.php?rest_route=\/wp\/v2\/posts"}],"about":[{"href":"https:\/\/2horizontes.com\/index.php?rest_route=\/wp\/v2\/types\/post"}],"author":[{"embeddable":true,"href":"https:\/\/2horizontes.com\/index.php?rest_route=\/wp\/v2\/users\/4"}],"replies":[{"embeddable":true,"href":"https:\/\/2horizontes.com\/index.php?rest_route=%2Fwp%2Fv2%2Fcomments&post=73274"}],"version-history":[{"count":1,"href":"https:\/\/2horizontes.com\/index.php?rest_route=\/wp\/v2\/posts\/73274\/revisions"}],"predecessor-version":[{"id":73276,"href":"https:\/\/2horizontes.com\/index.php?rest_route=\/wp\/v2\/posts\/73274\/revisions\/73276"}],"wp:featuredmedia":[{"embeddable":true,"href":"https:\/\/2horizontes.com\/index.php?rest_route=\/wp\/v2\/media\/73275"}],"wp:attachment":[{"href":"https:\/\/2horizontes.com\/index.php?rest_route=%2Fwp%2Fv2%2Fmedia&parent=73274"}],"wp:term":[{"taxonomy":"category","embeddable":true,"href":"https:\/\/2horizontes.com\/index.php?rest_route=%2Fwp%2Fv2%2Fcategories&post=73274"},{"taxonomy":"post_tag","embeddable":true,"href":"https:\/\/2horizontes.com\/index.php?rest_route=%2Fwp%2Fv2%2Ftags&post=73274"}],"curies":[{"name":"wp","href":"https:\/\/api.w.org\/{rel}","templated":true}]}}