{"id":73271,"date":"2021-04-07T15:00:17","date_gmt":"2021-04-07T14:00:17","guid":{"rendered":"http:\/\/2horizontes.com\/?p=73271"},"modified":"2021-04-07T15:00:20","modified_gmt":"2021-04-07T14:00:20","slug":"santiago-abascal-busca-aranar-votos-al-psoe-en-sus-feudos-del-sur","status":"publish","type":"post","link":"https:\/\/2horizontes.com\/?p=73271","title":{"rendered":"Santiago Abascal busca ara\u00f1ar votos al PSOE en sus feudos del Sur"},"content":{"rendered":"\n<p>V<strong>ox pidi\u00f3 inicialmente autorizaci\u00f3n para un acto de este mi\u00e9rcoles en Vallecas al Ayuntamiento, que la deneg\u00f3 por haber sido presentada fuera de plazo. La Delegaci\u00f3n ha autorizado finalmente el mitin<\/strong>.<\/p>\n\n\n\n<p>Santiago Abascal\u00a0intentar\u00e1 este mi\u00e9rcoles dar un impulso a la precampa\u00f1a de\u00a0Vox\u00a0en Madrid tratando de ara\u00f1ar votos al\u00a0PSOE\u00a0en sus feudos del Sur con un mitin en la plaza de la Constituci\u00f3n de\u00a0<strong>Vallecas<\/strong>. El partido de derechas quiere incidir en la lucha contra la inseguridad ciudadana y contra la inmigraci\u00f3n ilegal en las zonas m\u00e1s castigadas por estos dos problemas.<\/p>\n\n\n\n<p>Santiago Abascal y su candidata a presidir la\u00a0Comunidad de Madrid,\u00a0Roc\u00edo Monasterio, celebrar\u00e1n un acto conjunto para que \u00abVallecas se ponga en pie para recuperar su seguridad y su prosperidad\u00bb, seg\u00fan reza la convocatoria.<\/p>\n\n\n\n<p>La estrategia de\u00a0<strong>Vox<\/strong>\u00a0de crecer en las zonas m\u00e1s populares y obreras -tradicionalmente votantes del\u00a0<strong>PSOE<\/strong>&#8211; lleva en marcha desde hace dos a\u00f1os. La candidata madrile\u00f1a,\u00a0<strong>Roc\u00edo Monasterio<\/strong>, ya la puso en marcha en las elecciones de 2019, cuando hizo muchas visitas a los municipios obreros del sur de la regi\u00f3n.M\u00e1s en El MundoLos riesgos para la Covid-19 de tener unos kilos de m\u00e1sCoronavirus Espa\u00f1a hoy, noticias de \u00faltima hora | Sanidad registra 6.623 casos; tres CCAA, en riesgo extremo<\/p>\n\n\n\n<p>El acto, que se celebrar\u00e1 a las 19.30 horas y que supondr\u00e1 la presentaci\u00f3n de la canddiatura, se conoci\u00f3 este martes con pol\u00e9mica. Vox pidi\u00f3 permiso al&nbsp;<strong>Ayuntamiento de Madrid<\/strong>&nbsp;para llevarlo a cabo. Sin embargo, y como confirman fuentes municipales, lo hicieron sin la antelaci\u00f3n preceptiva de un mes. Se puede hacer con 15 d\u00edas alegando urgencia, pero Vox tampoco lo hizo, con lo que la autorizaci\u00f3n fue denegada por la Junta Municipal de Distrito de Puente de Vallecas.<\/p>\n\n\n\n<p>A\u00fan as\u00ed, tanto fuentes de Vox como del Ayuntamiento confirmaron que no habr\u00e1 problema, porque quien tiene que autorizar la concentraci\u00f3n es la&nbsp;<strong>Delegaci\u00f3n del Gobierno en Madrid<\/strong>. El partido de&nbsp;<strong>Santiago Abascal<\/strong>&nbsp;ya ha pedido permiso para el acto y lo ha obtenido, seg\u00fan confirmaron ayer.<\/p>\n","protected":false},"excerpt":{"rendered":"<p>Vox pidi\u00f3 inicialmente autorizaci\u00f3n para un acto de este mi\u00e9rcoles en Vallecas al Ayuntamiento, que la deneg\u00f3 por haber sido presentada fuera de plazo. La Delegaci\u00f3n ha autorizado finalmente el mitin. Santiago Abascal\u00a0intentar\u00e1 este mi\u00e9rcoles dar un impulso a la precampa\u00f1a de\u00a0Vox\u00a0en Madrid tratando de ara\u00f1ar votos al\u00a0PSOE\u00a0en sus feudos del Sur con un mitin [&hellip;]<\/p>\n","protected":false},"author":4,"featured_media":73272,"comment_status":"open","ping_status":"open","sticky":false,"template":"","format":"standard","meta":{"footnotes":""},"categories":[85,43],"tags":[],"class_list":["post-73271","post","type-post","status-publish","format-standard","has-post-thumbnail","hentry","category-espana","category-politica"],"_links":{"self":[{"href":"https:\/\/2horizontes.com\/index.php?rest_route=\/wp\/v2\/posts\/73271","targetHints":{"allow":["GET"]}}],"collection":[{"href":"https:\/\/2horizontes.com\/index.php?rest_route=\/wp\/v2\/posts"}],"about":[{"href":"https:\/\/2horizontes.com\/index.php?rest_route=\/wp\/v2\/types\/post"}],"author":[{"embeddable":true,"href":"https:\/\/2horizontes.com\/index.php?rest_route=\/wp\/v2\/users\/4"}],"replies":[{"embeddable":true,"href":"https:\/\/2horizontes.com\/index.php?rest_route=%2Fwp%2Fv2%2Fcomments&post=73271"}],"version-history":[{"count":1,"href":"https:\/\/2horizontes.com\/index.php?rest_route=\/wp\/v2\/posts\/73271\/revisions"}],"predecessor-version":[{"id":73273,"href":"https:\/\/2horizontes.com\/index.php?rest_route=\/wp\/v2\/posts\/73271\/revisions\/73273"}],"wp:featuredmedia":[{"embeddable":true,"href":"https:\/\/2horizontes.com\/index.php?rest_route=\/wp\/v2\/media\/73272"}],"wp:attachment":[{"href":"https:\/\/2horizontes.com\/index.php?rest_route=%2Fwp%2Fv2%2Fmedia&parent=73271"}],"wp:term":[{"taxonomy":"category","embeddable":true,"href":"https:\/\/2horizontes.com\/index.php?rest_route=%2Fwp%2Fv2%2Fcategories&post=73271"},{"taxonomy":"post_tag","embeddable":true,"href":"https:\/\/2horizontes.com\/index.php?rest_route=%2Fwp%2Fv2%2Ftags&post=73271"}],"curies":[{"name":"wp","href":"https:\/\/api.w.org\/{rel}","templated":true}]}}