{"id":73223,"date":"2021-04-05T22:10:43","date_gmt":"2021-04-05T21:10:43","guid":{"rendered":"http:\/\/2horizontes.com\/?p=73223"},"modified":"2021-04-05T22:10:44","modified_gmt":"2021-04-05T21:10:44","slug":"trece-comunidades-permanecen-incomunicadas-a-causa-de-las-lluvias","status":"publish","type":"post","link":"https:\/\/2horizontes.com\/?p=73223","title":{"rendered":"Trece comunidades permanecen incomunicadas a causa de las lluvias"},"content":{"rendered":"\n<p>Santo Domingo, 5 abr.- Un total de trece comunidades permanecen incomunicadas a causa de las intensas lluvias en las \u00faltimas horas, mientras que las previsiones meteorol\u00f3gicas mantienen trece provincias en alerta amarilla o verde, inform\u00f3 este lunes el Centro de Operaciones de Emergencias (COE).<\/p>\n\n\n\n<p>Seg\u00fan el \u00faltimo bolet\u00edn de la Oficina Nacional de Meteorolog\u00eda (Onamet) el sistema frontal ubicado en la porci\u00f3n central del pa\u00eds contin\u00faa favoreciendo desarrollos nubosos con aguaceros de moderados a fuertes, tormentas el\u00e9ctricas y r\u00e1fagas de viento ocasionales sobre las regiones noroeste, norte, nordeste, sureste y Cordillera Central.<\/p>\n\n\n\n<p>En virtud de lo anterior, el COE mantiene cinco provincias en alerta amarilla y otras ocho en alerta verde por posibles inundaciones repentinas urbanas y rurales, crecidas de r\u00edos, arroyos y ca\u00f1adas, as\u00ed como deslizamientos de tierra.<\/p>\n\n\n\n<p>En alerta amarilla se encuentran Puerto Plata, Espaillat, Santiago, Santiago Rodr\u00edguez y La Altagracia, mientras que Monse\u00f1or Nouel, Hato Mayor, La Vega, Valverde, Dajab\u00f3n, San Crist\u00f3bal, San Pedro de Macor\u00eds y el Gran Santo Domingo est\u00e1n en alerta verde.<\/p>\n\n\n\n<p>El COE recomienda a los conductores que se desplazan por las autopistas y carreteras del pa\u00eds que conduzcan con precauci\u00f3n debido a la escasa visibilidad que generan los fuertes aguaceros que se registran en gran parte de la geograf\u00eda nacional.<\/p>\n\n\n\n<p>Asimismo, se\u00f1ala que las personas se abstengan de cruzar r\u00edos, arroyos y ca\u00f1adas que presenten alto vol\u00famenes de agua.EFE\u00a1Comparte esta noticia!<a href=\"https:\/\/almomento.net\/#facebook\" rel=\"noreferrer noopener\" target=\"_blank\"><\/a><\/p>\n","protected":false},"excerpt":{"rendered":"<p>Santo Domingo, 5 abr.- Un total de trece comunidades permanecen incomunicadas a causa de las intensas lluvias en las \u00faltimas horas, mientras que las previsiones meteorol\u00f3gicas mantienen trece provincias en alerta amarilla o verde, inform\u00f3 este lunes el Centro de Operaciones de Emergencias (COE). Seg\u00fan el \u00faltimo bolet\u00edn de la Oficina Nacional de Meteorolog\u00eda (Onamet) [&hellip;]<\/p>\n","protected":false},"author":4,"featured_media":73224,"comment_status":"open","ping_status":"open","sticky":false,"template":"","format":"standard","meta":{"footnotes":""},"categories":[44],"tags":[],"class_list":["post-73223","post","type-post","status-publish","format-standard","has-post-thumbnail","hentry","category-republica-dominicana"],"_links":{"self":[{"href":"https:\/\/2horizontes.com\/index.php?rest_route=\/wp\/v2\/posts\/73223","targetHints":{"allow":["GET"]}}],"collection":[{"href":"https:\/\/2horizontes.com\/index.php?rest_route=\/wp\/v2\/posts"}],"about":[{"href":"https:\/\/2horizontes.com\/index.php?rest_route=\/wp\/v2\/types\/post"}],"author":[{"embeddable":true,"href":"https:\/\/2horizontes.com\/index.php?rest_route=\/wp\/v2\/users\/4"}],"replies":[{"embeddable":true,"href":"https:\/\/2horizontes.com\/index.php?rest_route=%2Fwp%2Fv2%2Fcomments&post=73223"}],"version-history":[{"count":1,"href":"https:\/\/2horizontes.com\/index.php?rest_route=\/wp\/v2\/posts\/73223\/revisions"}],"predecessor-version":[{"id":73225,"href":"https:\/\/2horizontes.com\/index.php?rest_route=\/wp\/v2\/posts\/73223\/revisions\/73225"}],"wp:featuredmedia":[{"embeddable":true,"href":"https:\/\/2horizontes.com\/index.php?rest_route=\/wp\/v2\/media\/73224"}],"wp:attachment":[{"href":"https:\/\/2horizontes.com\/index.php?rest_route=%2Fwp%2Fv2%2Fmedia&parent=73223"}],"wp:term":[{"taxonomy":"category","embeddable":true,"href":"https:\/\/2horizontes.com\/index.php?rest_route=%2Fwp%2Fv2%2Fcategories&post=73223"},{"taxonomy":"post_tag","embeddable":true,"href":"https:\/\/2horizontes.com\/index.php?rest_route=%2Fwp%2Fv2%2Ftags&post=73223"}],"curies":[{"name":"wp","href":"https:\/\/api.w.org\/{rel}","templated":true}]}}