{"id":73182,"date":"2021-04-03T20:27:48","date_gmt":"2021-04-03T19:27:48","guid":{"rendered":"http:\/\/2horizontes.com\/?p=73182"},"modified":"2021-04-03T20:33:23","modified_gmt":"2021-04-03T19:33:23","slug":"coe-reporta-este-sabado-4-muertos-en-accidentes-de-transito-y-2-por-asfixia","status":"publish","type":"post","link":"https:\/\/2horizontes.com\/?p=73182","title":{"rendered":"COE reporta este s\u00e1bado 4 muertos en accidentes de tr\u00e1nsito y 2 por asfixia"},"content":{"rendered":"\n<p>SANTO DOMINGO.-&nbsp;El Centro de Operaciones de Emergencias (COE) report\u00f3 este s\u00e1bado el fallecimiento de cuatro personas por accidentes de tr\u00e1nsito y dos por asfixia por inmersi\u00f3n en el segundo d\u00eda del Operativo Semana Santa \u201cUn Compromiso por la Vida 2021\u201d.<\/p>\n\n\n\n<p>Juan Manuel M\u00e9ndez,&nbsp; director del COE, indic\u00f3 que estas muertes corresponden a 82 accidentes de tr\u00e1nsito registrados, en los que un total de 120 personas han sido afectadas.<\/p>\n\n\n\n<p>Agreg\u00f3 que 243 personas resultaron con intoxicaci\u00f3n alcoh\u00f3lica y 129 con intoxicaci\u00f3n alimentaria.<\/p>\n\n\n\n<p><\/p>\n\n\n\n<figure class=\"wp-block-embed is-type-rich is-provider-gestor-del-servicio wp-block-embed-gestor-del-servicio\"><div class=\"wp-block-embed__wrapper\">\nhttps:\/\/youtube.com\/watch?v=SWhe86y4P-c%3Ffeature%3Doembed%26wmode%3Dopaque\n<\/div><\/figure>\n\n\n\n<p>\u00a1Comparte esta noticia!<\/p>\n","protected":false},"excerpt":{"rendered":"<p>SANTO DOMINGO.-&nbsp;El Centro de Operaciones de Emergencias (COE) report\u00f3 este s\u00e1bado el fallecimiento de cuatro personas por accidentes de tr\u00e1nsito y dos por asfixia por inmersi\u00f3n en el segundo d\u00eda del Operativo Semana Santa \u201cUn Compromiso por la Vida 2021\u201d. Juan Manuel M\u00e9ndez,&nbsp; director del COE, indic\u00f3 que estas muertes corresponden a 82 accidentes de [&hellip;]<\/p>\n","protected":false},"author":4,"featured_media":73185,"comment_status":"open","ping_status":"open","sticky":false,"template":"","format":"standard","meta":{"footnotes":""},"categories":[44],"tags":[],"class_list":["post-73182","post","type-post","status-publish","format-standard","has-post-thumbnail","hentry","category-republica-dominicana"],"_links":{"self":[{"href":"https:\/\/2horizontes.com\/index.php?rest_route=\/wp\/v2\/posts\/73182","targetHints":{"allow":["GET"]}}],"collection":[{"href":"https:\/\/2horizontes.com\/index.php?rest_route=\/wp\/v2\/posts"}],"about":[{"href":"https:\/\/2horizontes.com\/index.php?rest_route=\/wp\/v2\/types\/post"}],"author":[{"embeddable":true,"href":"https:\/\/2horizontes.com\/index.php?rest_route=\/wp\/v2\/users\/4"}],"replies":[{"embeddable":true,"href":"https:\/\/2horizontes.com\/index.php?rest_route=%2Fwp%2Fv2%2Fcomments&post=73182"}],"version-history":[{"count":2,"href":"https:\/\/2horizontes.com\/index.php?rest_route=\/wp\/v2\/posts\/73182\/revisions"}],"predecessor-version":[{"id":73188,"href":"https:\/\/2horizontes.com\/index.php?rest_route=\/wp\/v2\/posts\/73182\/revisions\/73188"}],"wp:featuredmedia":[{"embeddable":true,"href":"https:\/\/2horizontes.com\/index.php?rest_route=\/wp\/v2\/media\/73185"}],"wp:attachment":[{"href":"https:\/\/2horizontes.com\/index.php?rest_route=%2Fwp%2Fv2%2Fmedia&parent=73182"}],"wp:term":[{"taxonomy":"category","embeddable":true,"href":"https:\/\/2horizontes.com\/index.php?rest_route=%2Fwp%2Fv2%2Fcategories&post=73182"},{"taxonomy":"post_tag","embeddable":true,"href":"https:\/\/2horizontes.com\/index.php?rest_route=%2Fwp%2Fv2%2Ftags&post=73182"}],"curies":[{"name":"wp","href":"https:\/\/api.w.org\/{rel}","templated":true}]}}