{"id":73147,"date":"2021-03-31T22:22:14","date_gmt":"2021-03-31T21:22:14","guid":{"rendered":"http:\/\/2horizontes.com\/?p=73147"},"modified":"2021-03-31T22:22:15","modified_gmt":"2021-03-31T21:22:15","slug":"el-presidente-abinader-pensiona-369-miembros-del-ejercito-armada-y-fard","status":"publish","type":"post","link":"https:\/\/2horizontes.com\/?p=73147","title":{"rendered":"El Presidente Abinader pensiona 369 miembros del Ej\u00e9rcito, Armada y FARD"},"content":{"rendered":"\n<p>SANTO DOMINGO.- El presidente Luis Abinader puso en retiro 369 oficiales generales, superiores, subalternos, alistados y asimilados, con disfrute de pensi\u00f3n ascendente a 22 millones 772 mil pesos mensuales. Fue solicitado por el Ministerio de Defensa.<\/p>\n\n\n\n<p>Entre los militares del Ej\u00e9rcito, la Fuerza A\u00e9rea y la Armada figuran seis generales, 121 coroneles, 34 tenientes coroneles, 39 mayores, 36 capitanes, 54 primeros teninetes, 48 segundo teninetes, 6\u00a15 sargento mayores y 26 asimilados.<\/p>\n\n\n\n<p>El teniente general Carlos D\u00edaz Morfa, ministro de Defensa, en su oficio remiti\u00f3 al Mandatario el 12 de marzo 2021, indica que los retiros est\u00e1n en consonancia con lo establecido en la Ley Org\u00e1nica de las Fuerzas Armadas.<\/p>\n\n\n\n<p>Los generales disfrutar\u00e1n de una pensi\u00f3n de 180 mil pesos, los coroneles de RD$100,000, los tenientes coroneles con RD$70,000, los mayores con RD$70,000, capitanes RD$35,000, primer teninete RD$30,00; segundo teniente RD$25,000, sargento mayores RD$18,000, y los asimilados con RD$ 12,000.<\/p>\n\n\n\n<p>Entre los militares puesto en retiro y pensionados algunos ten\u00edan hasta 84 a\u00f1os de edad y 44 a\u00f1os en servicios.<br>Figuran en la lista los generales de brigadas Daniel Martines Lorenzo, con 53 a\u00f1os de edad, quien llevaba 15 a\u00f1os en el rango y ten\u00eda 35 a\u00f1os de servicio; Zen\u00f3n aqnbtonio Paduilla Alcantara, con 55 a\u00f1os de edad, 14 en el rango y 35 a\u00f1os de servicio; Pablo Greforio Cavllo Feliz, 58 a\u00f1os de edad, 13 en el rango y 39 en servicio.<\/p>\n\n\n\n<p>La general de brigada m\u00e9dico Mayra Duval Santelices, con 62 a\u00f1os de edad, 13 en el rango y 38 a\u00f1os de servicio.<br>Los coroneles Eduardo Manuel Rosa Paulino, Milguel Fern\u00e1ndez Mart\u00ednez, Julio Adolfo Menc\u00eda Hern\u00e1ndez.<\/p>\n\n\n\n<p>Tambi\u00e9n Juan Genaro Mota Cerda, Cesar Augusto Rojas Guzm\u00e1n, Clemente de Jes\u00fas Peralta Blanco, Gabriel Rodr\u00edguez, Andr\u00e9s Santos Melo, entre otros oficiales.<\/p>\n\n\n\n<p>an\/am<\/p>\n","protected":false},"excerpt":{"rendered":"<p>SANTO DOMINGO.- El presidente Luis Abinader puso en retiro 369 oficiales generales, superiores, subalternos, alistados y asimilados, con disfrute de pensi\u00f3n ascendente a 22 millones 772 mil pesos mensuales. Fue solicitado por el Ministerio de Defensa. Entre los militares del Ej\u00e9rcito, la Fuerza A\u00e9rea y la Armada figuran seis generales, 121 coroneles, 34 tenientes coroneles, [&hellip;]<\/p>\n","protected":false},"author":4,"featured_media":73148,"comment_status":"open","ping_status":"open","sticky":false,"template":"","format":"standard","meta":{"footnotes":""},"categories":[43,44],"tags":[],"class_list":["post-73147","post","type-post","status-publish","format-standard","has-post-thumbnail","hentry","category-politica","category-republica-dominicana"],"_links":{"self":[{"href":"https:\/\/2horizontes.com\/index.php?rest_route=\/wp\/v2\/posts\/73147","targetHints":{"allow":["GET"]}}],"collection":[{"href":"https:\/\/2horizontes.com\/index.php?rest_route=\/wp\/v2\/posts"}],"about":[{"href":"https:\/\/2horizontes.com\/index.php?rest_route=\/wp\/v2\/types\/post"}],"author":[{"embeddable":true,"href":"https:\/\/2horizontes.com\/index.php?rest_route=\/wp\/v2\/users\/4"}],"replies":[{"embeddable":true,"href":"https:\/\/2horizontes.com\/index.php?rest_route=%2Fwp%2Fv2%2Fcomments&post=73147"}],"version-history":[{"count":1,"href":"https:\/\/2horizontes.com\/index.php?rest_route=\/wp\/v2\/posts\/73147\/revisions"}],"predecessor-version":[{"id":73149,"href":"https:\/\/2horizontes.com\/index.php?rest_route=\/wp\/v2\/posts\/73147\/revisions\/73149"}],"wp:featuredmedia":[{"embeddable":true,"href":"https:\/\/2horizontes.com\/index.php?rest_route=\/wp\/v2\/media\/73148"}],"wp:attachment":[{"href":"https:\/\/2horizontes.com\/index.php?rest_route=%2Fwp%2Fv2%2Fmedia&parent=73147"}],"wp:term":[{"taxonomy":"category","embeddable":true,"href":"https:\/\/2horizontes.com\/index.php?rest_route=%2Fwp%2Fv2%2Fcategories&post=73147"},{"taxonomy":"post_tag","embeddable":true,"href":"https:\/\/2horizontes.com\/index.php?rest_route=%2Fwp%2Fv2%2Ftags&post=73147"}],"curies":[{"name":"wp","href":"https:\/\/api.w.org\/{rel}","templated":true}]}}