{"id":73125,"date":"2021-03-30T00:05:17","date_gmt":"2021-03-29T23:05:17","guid":{"rendered":"http:\/\/2horizontes.com\/?p=73125"},"modified":"2021-03-30T00:06:03","modified_gmt":"2021-03-29T23:06:03","slug":"despliegan-38536-para-dar-inicio-al-operativo-semana-santa-por-la-vida","status":"publish","type":"post","link":"https:\/\/2horizontes.com\/?p=73125","title":{"rendered":"Despliegan 38,536 para dar inicio al Operativo Semana Santa por la vida"},"content":{"rendered":"\n<p>SANTO DOMINGO.- Este domingo fueron desplegados 38,536 para dar inicio al \u201cOperativo Semana Santa, compromiso por la vida 2021<\/p>\n\n\n\n<p>En el acto, realizado en el palacio de la Polic\u00eda, participaron los ministros de Interior y Polic\u00eda, Jes\u00fas V\u00e1squez; de Defensa, Carlos Luciano D\u00edaz Morga, y el director de la Polic\u00eda, mayor general Edward Ram\u00f3n S\u00e1nchez Gonz\u00e1lez, quien explic\u00f3&nbsp;que el operativo tiene como objetivo salvaguardar la integridad de los ciudadanos durante la Semana Mayor.<\/p>\n\n\n\n<p>Al menos 25,582 agentes de los que trabajar\u00e1n en el operativo corresponden a la Polic\u00eda y 12,954 son militares.<\/p>\n\n\n\n<p>La Digesset, la comisi\u00f3n mixta policial y asistencia vial del Ministerio de Obras P\u00fablicas funcionar\u00e1n de manera conjunta para la asistencia a ciudadanos en calles y avenidas, para lo cual&nbsp;dispondr\u00e1n de unas 60 unidades motorizadas y otros 270 veh\u00edculos.<\/p>\n\n\n\n<p>S\u00e1nchez Gonz\u00e1lez exhort\u00f3 a la ciudadan\u00eda a continuar aplicando el protocolo y las medidas para evitar la propagaci\u00f3n del coronavirus<\/p>\n\n\n\n<p>\u00a1Comparte esta noticia!<\/p>\n","protected":false},"excerpt":{"rendered":"<p>SANTO DOMINGO.- Este domingo fueron desplegados 38,536 para dar inicio al \u201cOperativo Semana Santa, compromiso por la vida 2021 En el acto, realizado en el palacio de la Polic\u00eda, participaron los ministros de Interior y Polic\u00eda, Jes\u00fas V\u00e1squez; de Defensa, Carlos Luciano D\u00edaz Morga, y el director de la Polic\u00eda, mayor general Edward Ram\u00f3n S\u00e1nchez [&hellip;]<\/p>\n","protected":false},"author":4,"featured_media":73126,"comment_status":"open","ping_status":"open","sticky":false,"template":"","format":"standard","meta":{"footnotes":""},"categories":[62,44],"tags":[],"class_list":["post-73125","post","type-post","status-publish","format-standard","has-post-thumbnail","hentry","category-cultura","category-republica-dominicana"],"_links":{"self":[{"href":"https:\/\/2horizontes.com\/index.php?rest_route=\/wp\/v2\/posts\/73125","targetHints":{"allow":["GET"]}}],"collection":[{"href":"https:\/\/2horizontes.com\/index.php?rest_route=\/wp\/v2\/posts"}],"about":[{"href":"https:\/\/2horizontes.com\/index.php?rest_route=\/wp\/v2\/types\/post"}],"author":[{"embeddable":true,"href":"https:\/\/2horizontes.com\/index.php?rest_route=\/wp\/v2\/users\/4"}],"replies":[{"embeddable":true,"href":"https:\/\/2horizontes.com\/index.php?rest_route=%2Fwp%2Fv2%2Fcomments&post=73125"}],"version-history":[{"count":1,"href":"https:\/\/2horizontes.com\/index.php?rest_route=\/wp\/v2\/posts\/73125\/revisions"}],"predecessor-version":[{"id":73127,"href":"https:\/\/2horizontes.com\/index.php?rest_route=\/wp\/v2\/posts\/73125\/revisions\/73127"}],"wp:featuredmedia":[{"embeddable":true,"href":"https:\/\/2horizontes.com\/index.php?rest_route=\/wp\/v2\/media\/73126"}],"wp:attachment":[{"href":"https:\/\/2horizontes.com\/index.php?rest_route=%2Fwp%2Fv2%2Fmedia&parent=73125"}],"wp:term":[{"taxonomy":"category","embeddable":true,"href":"https:\/\/2horizontes.com\/index.php?rest_route=%2Fwp%2Fv2%2Fcategories&post=73125"},{"taxonomy":"post_tag","embeddable":true,"href":"https:\/\/2horizontes.com\/index.php?rest_route=%2Fwp%2Fv2%2Ftags&post=73125"}],"curies":[{"name":"wp","href":"https:\/\/api.w.org\/{rel}","templated":true}]}}