{"id":73122,"date":"2021-03-30T00:01:53","date_gmt":"2021-03-29T23:01:53","guid":{"rendered":"http:\/\/2horizontes.com\/?p=73122"},"modified":"2021-03-30T00:01:54","modified_gmt":"2021-03-29T23:01:54","slug":"abinader-resalta-compromisos-con-mejoria-de-la-red-educativa-en-la-rd","status":"publish","type":"post","link":"https:\/\/2horizontes.com\/?p=73122","title":{"rendered":"Abinader resalta compromisos con mejor\u00eda de la red educativa en la RD"},"content":{"rendered":"\n<p>MONTELLANO, Puerto Plata-&nbsp;El presidente Luis Abinader asegur\u00f3 aqu\u00ed que uno de los objetivos irrenunciables de su gobierno es mejorar toda la red de educaci\u00f3n del pa\u00eds, dignificando sus infraestructuras y dot\u00e1ndolas de todo lo que sea necesario en su momento.<\/p>\n\n\n\n<p>Al dejar inaugurado el centro educativo \u201cProfesora Sandra Ivelisse Corniel Ciriaco\u201d dotado de 14 aulas y con una inversi\u00f3n superior a los 70 millones de pesos, Abinader resalt\u00f3 los esfuerzos del gobierno en favor de la educaci\u00f3n dominicana.<\/p>\n\n\n\n<p>\u201cEl nuevo modelo de escuela que va a tener la Rep\u00fablica Dominicana cumplir\u00e1 la m\u00e1xima que siempre me han o\u00eddo decir: tendremos la mejor educaci\u00f3n posible, y a\u00f1ado, en las mejores instalaciones tambi\u00e9n\u201d, expres\u00f3 el mandatario, junto a la vicepresidenta, Raquel Pe\u00f1a, quien lo acompa\u00f1\u00f3.<\/p>\n\n\n\n<p><strong>Educaci\u00f3n crea ciudadanos formados y libres<\/strong><\/p>\n\n\n\n<p>Consider\u00f3 que invertir en educaci\u00f3n es la inversi\u00f3n m\u00e1s productiva que como sociedad podemos hacer en todos los niveles.<\/p>\n\n\n\n<p>A juicio del mandatario, la educaci\u00f3n crea ciudadanos formados y libres, con habilidades que pondr\u00e1n a disposici\u00f3n de una sociedad y a la cual har\u00e1n m\u00e1s grande, \u201censancha el futuro de todos nosotros y nos muestra el camino a una vida m\u00e1s plena y justa\u201d.<\/p>\n\n\n\n<p>El Jefe de Estado dijo que los ni\u00f1os y ni\u00f1as que estudien en este centro educativo, van a poder desarrollarse con todos los instrumentos a su alcance.<\/p>\n\n\n\n<p>\u201cEstamos visibilizando inversiones reales que tocan la vida de la gente, que mejoran sus condiciones de una manera \u00f3ptima y objetiva, pero no solo es eso, sino que tambi\u00e9n estamos apostamos decididamente por el futuro que nuestros hijos e hijas para que puedan recibir una educaci\u00f3n p\u00fablica de la mejor calidad posible\u201d, indic\u00f3 el primer mandatario.<\/p>\n\n\n\n<p>Apunt\u00f3 que, en estos momentos, en la presente gesti\u00f3n de gobierno se est\u00e1 haciendo valer el derecho de la educaci\u00f3n con calidad, y para todos, y no solo para una parte.<\/p>\n\n\n\n<p><strong>Educaci\u00f3n responde compromiso Abinader<\/strong><\/p>\n\n\n\n<p>De su lado, el ministro de educaci\u00f3n, Roberto Fulcar Inform\u00f3 que este centro educativo es el resultado del primer sorteo de obras realizado a trav\u00e9s del plan de edificaciones escolares.<\/p>\n\n\n\n<p>Afirm\u00f3 que el MINERD contin\u00faa respondiendo al compromiso asumido por Abinader por el desarrollo de la calidad educativa, \u201ccon una irrenunciable tarea de apuntar las competencias de lectura y escritura, \u00e1reas que representan un rol estelar como funci\u00f3n social y comunicativa en el desarrollo de la gente\u201d.<\/p>\n\n\n\n<p><strong>Deligne: mayor oportunidad de desarrollo de los ni\u00f1os<\/strong><\/p>\n\n\n\n<p>De su lado, el ministro de Obras P\u00fablicas, Deligne Ascensi\u00f3n dijo que la apertura de las nuevas aulas en esta localidad representar\u00e1 mayor oportunidad de desarrollo de los ni\u00f1os, ni\u00f1as, adolescentes y j\u00f3venes puertoplatenses.<\/p>\n\n\n\n<p>Afirm\u00f3 que la pol\u00edtica educativa implementada por el presidente Luis Abinader sigue cambiando las condiciones de vida de miles de familias, adem\u00e1s de generar las mejores condiciones de desarrollo en los estudiantes.<\/p>\n\n\n\n<p>\u201cSiempre es emocionante entregar una obra de infraestructura, es la culminaci\u00f3n de un proyecto que se pone a disposici\u00f3n de la comunidad para contribuir a su desarrollo local, pero cuando se entrega una escuela, dicha emoci\u00f3n adquiere una connotaci\u00f3n particular\u201d, dijo Ascenci\u00f3n.<\/p>\n\n\n\n<p>Este nuevo plantel consta de 14 aulas est\u00e1ndar, 2 laboratorios de ciencias, 1 laboratorio de inform\u00e1tica y 2 aulas para alojar a ni\u00f1os con condiciones especiales.<\/p>\n\n\n\n<p>Adem\u00e1s, dispone de \u00e1reas administrativas, sal\u00f3n de profesores, oficina de orientaci\u00f3n, enfermer\u00eda, biblioteca y sal\u00f3n multiuso, entre otras facilidades.<\/p>\n\n\n\n<p>La obra fue bendecida por monse\u00f1or Julio C\u00e9sar Corniel Abad obispo de las di\u00f3cesis de Puerto Plata y Gaspar Hern\u00e1ndez.<\/p>\n\n\n\n<p>Durante la inauguraci\u00f3n estuvieron presentes, los ministros Administrativo de la Presidencia, Jos\u00e9 Ignacio Paliza; de Educaci\u00f3n, Roberto Fulcar; la gobernadora provincial, Claritsa Rochtte de Senior e Igor Rodr\u00edguez Duran, viceministro Administrativo y Financiero de la Presidencia.<\/p>\n\n\n\n<p>Asimismo, la gobernadora Ginnette Bournigal y Crist\u00f3bal E. Fern\u00e1ndez, del viceministerio Administrativo de Producci\u00f3n y Emprendimiento, entre otros.\u00a1Comparte esta noticia!<\/p>\n","protected":false},"excerpt":{"rendered":"<p>MONTELLANO, Puerto Plata-&nbsp;El presidente Luis Abinader asegur\u00f3 aqu\u00ed que uno de los objetivos irrenunciables de su gobierno es mejorar toda la red de educaci\u00f3n del pa\u00eds, dignificando sus infraestructuras y dot\u00e1ndolas de todo lo que sea necesario en su momento. Al dejar inaugurado el centro educativo \u201cProfesora Sandra Ivelisse Corniel Ciriaco\u201d dotado de 14 aulas [&hellip;]<\/p>\n","protected":false},"author":4,"featured_media":73123,"comment_status":"open","ping_status":"open","sticky":false,"template":"","format":"standard","meta":{"footnotes":""},"categories":[55,44,88],"tags":[],"class_list":["post-73122","post","type-post","status-publish","format-standard","has-post-thumbnail","hentry","category-educacion","category-republica-dominicana","category-tecnologia"],"_links":{"self":[{"href":"https:\/\/2horizontes.com\/index.php?rest_route=\/wp\/v2\/posts\/73122","targetHints":{"allow":["GET"]}}],"collection":[{"href":"https:\/\/2horizontes.com\/index.php?rest_route=\/wp\/v2\/posts"}],"about":[{"href":"https:\/\/2horizontes.com\/index.php?rest_route=\/wp\/v2\/types\/post"}],"author":[{"embeddable":true,"href":"https:\/\/2horizontes.com\/index.php?rest_route=\/wp\/v2\/users\/4"}],"replies":[{"embeddable":true,"href":"https:\/\/2horizontes.com\/index.php?rest_route=%2Fwp%2Fv2%2Fcomments&post=73122"}],"version-history":[{"count":1,"href":"https:\/\/2horizontes.com\/index.php?rest_route=\/wp\/v2\/posts\/73122\/revisions"}],"predecessor-version":[{"id":73124,"href":"https:\/\/2horizontes.com\/index.php?rest_route=\/wp\/v2\/posts\/73122\/revisions\/73124"}],"wp:featuredmedia":[{"embeddable":true,"href":"https:\/\/2horizontes.com\/index.php?rest_route=\/wp\/v2\/media\/73123"}],"wp:attachment":[{"href":"https:\/\/2horizontes.com\/index.php?rest_route=%2Fwp%2Fv2%2Fmedia&parent=73122"}],"wp:term":[{"taxonomy":"category","embeddable":true,"href":"https:\/\/2horizontes.com\/index.php?rest_route=%2Fwp%2Fv2%2Fcategories&post=73122"},{"taxonomy":"post_tag","embeddable":true,"href":"https:\/\/2horizontes.com\/index.php?rest_route=%2Fwp%2Fv2%2Ftags&post=73122"}],"curies":[{"name":"wp","href":"https:\/\/api.w.org\/{rel}","templated":true}]}}