{"id":73104,"date":"2021-03-29T23:09:28","date_gmt":"2021-03-29T22:09:28","guid":{"rendered":"http:\/\/2horizontes.com\/?p=73104"},"modified":"2021-03-29T23:15:24","modified_gmt":"2021-03-29T22:15:24","slug":"ministro-pide-prm-replantee-la-forma-en-que-asigna-cargos-en-el-gobierno","status":"publish","type":"post","link":"https:\/\/2horizontes.com\/?p=73104","title":{"rendered":"Ministro pide PRM replantee la forma en que asigna cargos en el Gobierno"},"content":{"rendered":"\n<ul class=\"wp-block-list\"><li>Fecha: 29\/03\/2021<\/li><li><strong>Comparte:<\/strong>&nbsp;&nbsp;&nbsp;&nbsp;&nbsp;<\/li><\/ul>\n\n\n\n<figure class=\"wp-block-embed is-type-rich is-provider-gestor-del-servicio wp-block-embed-gestor-del-servicio wp-embed-aspect-16-9 wp-has-aspect-ratio\"><div class=\"wp-block-embed__wrapper\">\n<iframe loading=\"lazy\" title=\"Un d\u00eda con Jes\u00fas (Ch\u00fa) V\u00e1squez | Conectados\" width=\"960\" height=\"540\" src=\"https:\/\/www.youtube.com\/embed\/3aliBqGIqQs?feature=oembed\" frameborder=\"0\" allow=\"accelerometer; autoplay; clipboard-write; encrypted-media; gyroscope; picture-in-picture\" allowfullscreen><\/iframe>\n<\/div><\/figure>\n\n\n\n<p>SANTO DOMINGO.- El ministro de Interior y Polic\u00eda, Jes\u00fas V\u00e1squez, pidi\u00f3 al oficialista Partido Revolucionario Moderno (PRM) que replantee el protocolo establecido para la asignaci\u00f3n de cargos en el Gobierno para dirigentes de la base de esa organizaci\u00f3n.<\/p>\n\n\n\n<p>V\u00e1squez, tambi\u00e9n dirigente del PRM, asegur\u00f3 que en este partido \u00abhay personas que conocen muy bien quienes conforman la tolda y pueden ayudar a canalizar las diversas demandas que han surgido en torno a la asignaci\u00f3n de cargos\u00bb.<\/p>\n\n\n\n<p><\/p>\n\n\n\n<p>\u00abPienso que el manejo de la posici\u00f3n para los dirigentes y militantes del PRM no se ha canalizado de la manera m\u00e1s adecuada posible, pudo haberse manejado mejor\u00bb, expres\u00f3 V\u00e1squez en el programa Conectados, que se transmite por el canal 13, donde fue entrevistado por Elianta Quintero.<\/p>\n\n\n\n<p>Pidi\u00f3 a la base del partido \u00abconfiar en que sus petitorios est\u00e1n siendo escuchados. Se ha actuado con prudencia y cautela, sobre todo porque estamos en medio de una pandemia. Usted no puede llegar y cancelar a todo el mundo, sin ver la parte humana, la parte de derechos\u00bb.<\/p>\n\n\n\n<p>De otro lado, anunci\u00f3 que \u00abpr\u00f3ximamente el pa\u00eds conocer\u00e1 los detalles de las irregularidades del pasado, conseguidas a nuestra llegada al Ministerio. Las acciones legales se conocer\u00e1n pr\u00f3ximamente\u00bb.<\/p>\n\n\n\n<p><\/p>\n","protected":false},"excerpt":{"rendered":"<p>Fecha: 29\/03\/2021 Comparte:&nbsp;&nbsp;&nbsp;&nbsp;&nbsp; SANTO DOMINGO.- El ministro de Interior y Polic\u00eda, Jes\u00fas V\u00e1squez, pidi\u00f3 al oficialista Partido Revolucionario Moderno (PRM) que replantee el protocolo establecido para la asignaci\u00f3n de cargos en el Gobierno para dirigentes de la base de esa organizaci\u00f3n. V\u00e1squez, tambi\u00e9n dirigente del PRM, asegur\u00f3 que en este partido \u00abhay personas que conocen [&hellip;]<\/p>\n","protected":false},"author":4,"featured_media":73106,"comment_status":"open","ping_status":"open","sticky":false,"template":"","format":"standard","meta":{"footnotes":""},"categories":[43,83,44],"tags":[],"class_list":["post-73104","post","type-post","status-publish","format-standard","has-post-thumbnail","hentry","category-politica","category-reportajes","category-republica-dominicana"],"_links":{"self":[{"href":"https:\/\/2horizontes.com\/index.php?rest_route=\/wp\/v2\/posts\/73104","targetHints":{"allow":["GET"]}}],"collection":[{"href":"https:\/\/2horizontes.com\/index.php?rest_route=\/wp\/v2\/posts"}],"about":[{"href":"https:\/\/2horizontes.com\/index.php?rest_route=\/wp\/v2\/types\/post"}],"author":[{"embeddable":true,"href":"https:\/\/2horizontes.com\/index.php?rest_route=\/wp\/v2\/users\/4"}],"replies":[{"embeddable":true,"href":"https:\/\/2horizontes.com\/index.php?rest_route=%2Fwp%2Fv2%2Fcomments&post=73104"}],"version-history":[{"count":2,"href":"https:\/\/2horizontes.com\/index.php?rest_route=\/wp\/v2\/posts\/73104\/revisions"}],"predecessor-version":[{"id":73108,"href":"https:\/\/2horizontes.com\/index.php?rest_route=\/wp\/v2\/posts\/73104\/revisions\/73108"}],"wp:featuredmedia":[{"embeddable":true,"href":"https:\/\/2horizontes.com\/index.php?rest_route=\/wp\/v2\/media\/73106"}],"wp:attachment":[{"href":"https:\/\/2horizontes.com\/index.php?rest_route=%2Fwp%2Fv2%2Fmedia&parent=73104"}],"wp:term":[{"taxonomy":"category","embeddable":true,"href":"https:\/\/2horizontes.com\/index.php?rest_route=%2Fwp%2Fv2%2Fcategories&post=73104"},{"taxonomy":"post_tag","embeddable":true,"href":"https:\/\/2horizontes.com\/index.php?rest_route=%2Fwp%2Fv2%2Ftags&post=73104"}],"curies":[{"name":"wp","href":"https:\/\/api.w.org\/{rel}","templated":true}]}}