{"id":73039,"date":"2021-03-27T20:40:26","date_gmt":"2021-03-27T19:40:26","guid":{"rendered":"http:\/\/2horizontes.com\/?p=73039"},"modified":"2021-03-27T20:44:59","modified_gmt":"2021-03-27T19:44:59","slug":"cientos-participan-en-marcha-por-la-vida-contra-tres-causales-del-aborto","status":"publish","type":"post","link":"https:\/\/2horizontes.com\/?p=73039","title":{"rendered":"Cientos participan en \u00abMarcha por la Vida\u00bb contra tres causales del aborto"},"content":{"rendered":"\n<p>SANTO DOMINGO.-&nbsp;Cientos de personas participaron este s\u00e1bado en la \u00abCaravana Celeste por la Vida\u00bb la cual fue convocada por la Iglesia Cat\u00f3lica en contra del aborto bajo sus tres causales.<\/p>\n\n\n\n<p>Asimismo, grupos de la sociedad civil han dicho presente en la manifestaci\u00f3n en apoyo al derecho a la vida.La caravana sali\u00f3 de los alrededores del Estadio Quisqueya con seguidores pro-vida portadando banderas azules y el slogan \u201cNo al aborto, si a la vida\u201d.<\/p>\n\n\n\n<p><strong>Monse\u00f1or V\u00edctor Masalles<\/strong><\/p>\n\n\n\n<p>Monse\u00f1or V\u00edctor Masalles manifest\u00f3 que la marcha-caravana por la vida busca dar un grito de defensa&nbsp;en medio del debate que se lleva acabo por la inclusi\u00f3n o no de las tres causales en el C\u00f3digo penal.<\/p>\n\n\n\n<p>\u00abHoy las bocinas suenan en la Capital como un grito de defensa para que siempre se haga todo lo posible para salvar las dos vidas!!!\u00bb indic\u00f3 Masalles en Twitter.Dijo que la marcha se hizo hacia el Congreso para invitar al Poder Legislativo a defender la vida humana de las agendas extranjeras.<\/p>\n\n\n\n<p>Masalles entreg\u00f3 el pasado martes 23 un documento a la Comisi\u00f3n Especial apoderada del proyecto de ley que estudia las condiciones y requisitos para la interrupci\u00f3n del embarazo de la C\u00e1mara de Diputados.<\/p>\n\n\n\n<p>an\/am<\/p>\n\n\n\n<div class=\"wp-block-image\"><figure class=\"alignright\"><a href=\"https:\/\/almomento.net\/wp-content\/uploads\/2021\/03\/MARCHA-222.jpg\"><img decoding=\"async\" src=\"https:\/\/almomento.net\/wp-content\/uploads\/2021\/03\/MARCHA-222.jpg\" alt=\"\" class=\"wp-image-695995\"\/><\/a><\/figure><\/div>\n\n\n\n<p>\u00a1Comparte esta noticia!<\/p>\n","protected":false},"excerpt":{"rendered":"<p>SANTO DOMINGO.-&nbsp;Cientos de personas participaron este s\u00e1bado en la \u00abCaravana Celeste por la Vida\u00bb la cual fue convocada por la Iglesia Cat\u00f3lica en contra del aborto bajo sus tres causales. Asimismo, grupos de la sociedad civil han dicho presente en la manifestaci\u00f3n en apoyo al derecho a la vida.La caravana sali\u00f3 de los alrededores del [&hellip;]<\/p>\n","protected":false},"author":4,"featured_media":73040,"comment_status":"open","ping_status":"open","sticky":false,"template":"","format":"standard","meta":{"footnotes":""},"categories":[83,44],"tags":[],"class_list":["post-73039","post","type-post","status-publish","format-standard","has-post-thumbnail","hentry","category-reportajes","category-republica-dominicana"],"_links":{"self":[{"href":"https:\/\/2horizontes.com\/index.php?rest_route=\/wp\/v2\/posts\/73039","targetHints":{"allow":["GET"]}}],"collection":[{"href":"https:\/\/2horizontes.com\/index.php?rest_route=\/wp\/v2\/posts"}],"about":[{"href":"https:\/\/2horizontes.com\/index.php?rest_route=\/wp\/v2\/types\/post"}],"author":[{"embeddable":true,"href":"https:\/\/2horizontes.com\/index.php?rest_route=\/wp\/v2\/users\/4"}],"replies":[{"embeddable":true,"href":"https:\/\/2horizontes.com\/index.php?rest_route=%2Fwp%2Fv2%2Fcomments&post=73039"}],"version-history":[{"count":2,"href":"https:\/\/2horizontes.com\/index.php?rest_route=\/wp\/v2\/posts\/73039\/revisions"}],"predecessor-version":[{"id":73043,"href":"https:\/\/2horizontes.com\/index.php?rest_route=\/wp\/v2\/posts\/73039\/revisions\/73043"}],"wp:featuredmedia":[{"embeddable":true,"href":"https:\/\/2horizontes.com\/index.php?rest_route=\/wp\/v2\/media\/73040"}],"wp:attachment":[{"href":"https:\/\/2horizontes.com\/index.php?rest_route=%2Fwp%2Fv2%2Fmedia&parent=73039"}],"wp:term":[{"taxonomy":"category","embeddable":true,"href":"https:\/\/2horizontes.com\/index.php?rest_route=%2Fwp%2Fv2%2Fcategories&post=73039"},{"taxonomy":"post_tag","embeddable":true,"href":"https:\/\/2horizontes.com\/index.php?rest_route=%2Fwp%2Fv2%2Ftags&post=73039"}],"curies":[{"name":"wp","href":"https:\/\/api.w.org\/{rel}","templated":true}]}}