{"id":72998,"date":"2021-03-23T21:03:37","date_gmt":"2021-03-23T20:03:37","guid":{"rendered":"http:\/\/2horizontes.com\/?p=72998"},"modified":"2021-03-23T21:03:39","modified_gmt":"2021-03-23T20:03:39","slug":"abinader-dice-este-miercoles-inicia-vacunacion-masiva-2da-dosis-sinovac","status":"publish","type":"post","link":"https:\/\/2horizontes.com\/?p=72998","title":{"rendered":"Abinader dice este mi\u00e9rcoles inicia vacunaci\u00f3n masiva 2da dosis Sinovac"},"content":{"rendered":"\n<p>LA ROMANA.- El presidente Luis Abinader anunci\u00f3 que la inoculaci\u00f3n masiva de la segunda dosis de la vacuna Sinovac iniciar\u00e1 este mi\u00e9rcoles.<\/p>\n\n\n\n<p>Durante un recorrido por las instalaciones del Centro de &nbsp;Diagn\u00f3stico y Atenci\u00f3n Primaria Villa Caleta, dijo que en los pr\u00f3ximos d\u00edas llegar\u00e1 otro lote de unidades del medicamento.<\/p>\n\n\n\n<p>El Mandatario asegur\u00f3 que al ritmo actual podr\u00e1n cumplir con la meta de inmunizar al 80% de la poblaci\u00f3n a finales de junio.<\/p>\n\n\n\n<p><\/p>\n\n\n\n<p>Pidi\u00f3 a la poblaci\u00f3n mantener el distanciamiento social durante la Semana Santa para evitar un rebrote y asegur\u00f3 que, hasta que no est\u00e9 todo el mundo vacunado, no estamos seguro.<\/p>\n\n\n\n<p><strong>Habla el Ministro de Salud<\/strong><\/p>\n\n\n\n<p>El ministro de Salud P\u00fablica, Daniel Rivera, dijo a la poblaci\u00f3n &nbsp;que no obstante a recibir la segunda dosis de la vacuna, deben seguir las medidas de prevenci\u00f3n que adem\u00e1s del coronavirus, contribuyen a evitar otras enfermedades como la influenza.<\/p>\n\n\n\n<p>Tambi\u00e9n alent\u00f3 a la poblaci\u00f3n para que luego de vacunarse mantenga los protocolos de protecci\u00f3n de distanciamiento social, lavado de manos y uso de mascarilla.<\/p>\n\n\n\n<p>Record\u00f3 que el Gobierno, mediante el Gabinete de Salud, que dirige la vicepresidenta Raquel Pe\u00f1a, ha invertido cuantiosos recursos para enfrentar la pandemia de la Covid-19 y seguir\u00e1 invirtiendo todo lo necesario para lograr la batalla ante esta pandemia.<\/p>\n\n\n\n<p>an\/am\u00a1Comparte esta noticia!<\/p>\n","protected":false},"excerpt":{"rendered":"<p>LA ROMANA.- El presidente Luis Abinader anunci\u00f3 que la inoculaci\u00f3n masiva de la segunda dosis de la vacuna Sinovac iniciar\u00e1 este mi\u00e9rcoles. Durante un recorrido por las instalaciones del Centro de &nbsp;Diagn\u00f3stico y Atenci\u00f3n Primaria Villa Caleta, dijo que en los pr\u00f3ximos d\u00edas llegar\u00e1 otro lote de unidades del medicamento. El Mandatario asegur\u00f3 que al [&hellip;]<\/p>\n","protected":false},"author":4,"featured_media":72999,"comment_status":"open","ping_status":"open","sticky":true,"template":"","format":"standard","meta":{"footnotes":""},"categories":[53,44,45],"tags":[],"class_list":["post-72998","post","type-post","status-publish","format-standard","has-post-thumbnail","hentry","category-provincias","category-republica-dominicana","category-salud"],"_links":{"self":[{"href":"https:\/\/2horizontes.com\/index.php?rest_route=\/wp\/v2\/posts\/72998","targetHints":{"allow":["GET"]}}],"collection":[{"href":"https:\/\/2horizontes.com\/index.php?rest_route=\/wp\/v2\/posts"}],"about":[{"href":"https:\/\/2horizontes.com\/index.php?rest_route=\/wp\/v2\/types\/post"}],"author":[{"embeddable":true,"href":"https:\/\/2horizontes.com\/index.php?rest_route=\/wp\/v2\/users\/4"}],"replies":[{"embeddable":true,"href":"https:\/\/2horizontes.com\/index.php?rest_route=%2Fwp%2Fv2%2Fcomments&post=72998"}],"version-history":[{"count":1,"href":"https:\/\/2horizontes.com\/index.php?rest_route=\/wp\/v2\/posts\/72998\/revisions"}],"predecessor-version":[{"id":73000,"href":"https:\/\/2horizontes.com\/index.php?rest_route=\/wp\/v2\/posts\/72998\/revisions\/73000"}],"wp:featuredmedia":[{"embeddable":true,"href":"https:\/\/2horizontes.com\/index.php?rest_route=\/wp\/v2\/media\/72999"}],"wp:attachment":[{"href":"https:\/\/2horizontes.com\/index.php?rest_route=%2Fwp%2Fv2%2Fmedia&parent=72998"}],"wp:term":[{"taxonomy":"category","embeddable":true,"href":"https:\/\/2horizontes.com\/index.php?rest_route=%2Fwp%2Fv2%2Fcategories&post=72998"},{"taxonomy":"post_tag","embeddable":true,"href":"https:\/\/2horizontes.com\/index.php?rest_route=%2Fwp%2Fv2%2Ftags&post=72998"}],"curies":[{"name":"wp","href":"https:\/\/api.w.org\/{rel}","templated":true}]}}