{"id":72972,"date":"2021-03-17T15:36:39","date_gmt":"2021-03-17T14:36:39","guid":{"rendered":"http:\/\/2horizontes.com\/?p=72972"},"modified":"2021-03-17T15:36:41","modified_gmt":"2021-03-17T14:36:41","slug":"r-dominicana-notifica-570-nuevos-contagios-y-11-defunciones-por-covid","status":"publish","type":"post","link":"https:\/\/2horizontes.com\/?p=72972","title":{"rendered":"R. Dominicana notifica 570 nuevos contagios y 11 defunciones por Covid"},"content":{"rendered":"\n<p>SANTO DOMINGO.- El Ministerio de Salud P\u00fablica de la Rep\u00fablica Dominicana notific\u00f3 este mi\u00e9rcoles 570 nuevos contagios y once defunciones por Covid-19, pero aclar\u00f3 que s\u00f3lo siete ocurrieron en las \u00faltimas 24 horas.<\/p>\n\n\n\n<p>Las cifras, que aparecen en el bolet\u00edn n\u00famero 363 de la Direcci\u00f3n General de Epidemiologia (DIGEPI), reflejan 75 contagios m\u00e1s que el martes, cuando fueron reportados 495.<\/p>\n\n\n\n<p><strong>Casos activos<\/strong><\/p>\n\n\n\n<p><\/p>\n\n\n\n<p>Los casos activos son 40,460, mientras que 203,656 personas se han recuperado de la enfermedad.<\/p>\n\n\n\n<p>El informe se\u00f1ala que en las \u00faltimas 24 horas fueron procesadas 6,990 pruebas.<\/p>\n\n\n\n<p>En el Distrito Nacional fueron reportados 231 nuevos contagios, en la provincia Santo Domingo 198, en Santiago 13, en Puerto Plata 11 y en La Vega 8.<\/p>\n\n\n\n<p>El total de muertos por COVID-19 en Rep\u00fablica Dominicana es de 3,248, el 30.30% de los cuales era hipertenso y el 18.93% diab\u00e9tico.<\/p>\n\n\n\n<p>Entre los infectados hay 758 trabajadores de la salud, 351 embarazadas y 26,538 menores de 20 a\u00f1os.<\/p>\n\n\n\n<p><strong>Ocupaci\u00f3n hospitalaria<\/strong><\/p>\n\n\n\n<p>En el pa\u00eds hay disponibilidad de 2,624 camas para pacientes de COVID, de las cuales 453 est\u00e1n ocupadas (17%).<\/p>\n\n\n\n<p>Hay disponibles 541 camas en unidades de cuidados intensivos, de las cuales 164 est\u00e1n ocupadas (30%), mientras que de 411 ventiladores disponibles en la red hospitalaria, hay 106 ocupados (26%).<strong>Cifras de contagios y muertes en marzo<\/strong><\/p>\n\n\n\n<p>1 marzo \u2013 381 contagios, 6 defunciones<\/p>\n\n\n\n<p>2 marzo \u2013 203 contagios, 12 defunciones<\/p>\n\n\n\n<p>3 marzo \u2013 572 contagios, 12 defunciones<\/p>\n\n\n\n<p>4 marzo \u2013 619 contagios, 9 defunciones<\/p>\n\n\n\n<p>5 marzo \u2013 695 contagios, 11 defunciones<\/p>\n\n\n\n<p>6 marzo \u2013 573 contagios, 12 defunciones<\/p>\n\n\n\n<p>7 marzo \u2013 587 contagios, 10 defunciones<\/p>\n\n\n\n<p>8 marzo \u2013 279 contagios, 7 defunciones<\/p>\n\n\n\n<p>9 marzo \u2013 252 contagios, 12 defunciones<\/p>\n\n\n\n<p>10 marzo \u2013 390 contagios, 7 defunciones<\/p>\n\n\n\n<p>11 marzo \u2013 755 contagios, 6 defunciones<\/p>\n\n\n\n<p>12 marzo \u2013 529 contagios, 9 defunciones<\/p>\n\n\n\n<p>13 marzo \u2013 164 contagios, 1 defunciones<\/p>\n\n\n\n<p>14 marzo \u2013 429 contagios, 9 defunciones<\/p>\n\n\n\n<p>15 marzo \u2013 254 contagios, 4 defunciones<\/p>\n\n\n\n<p>16 marzo \u2013 495 contagios, 11 defunciones<\/p>\n\n\n\n<p>17 marzo \u2013 570 contagios, 11 defunciones\u00a1Comparte esta noticia!<\/p>\n","protected":false},"excerpt":{"rendered":"<p>SANTO DOMINGO.- El Ministerio de Salud P\u00fablica de la Rep\u00fablica Dominicana notific\u00f3 este mi\u00e9rcoles 570 nuevos contagios y once defunciones por Covid-19, pero aclar\u00f3 que s\u00f3lo siete ocurrieron en las \u00faltimas 24 horas. Las cifras, que aparecen en el bolet\u00edn n\u00famero 363 de la Direcci\u00f3n General de Epidemiologia (DIGEPI), reflejan 75 contagios m\u00e1s que el [&hellip;]<\/p>\n","protected":false},"author":4,"featured_media":72973,"comment_status":"open","ping_status":"open","sticky":false,"template":"","format":"standard","meta":{"footnotes":""},"categories":[44,45],"tags":[],"class_list":["post-72972","post","type-post","status-publish","format-standard","has-post-thumbnail","hentry","category-republica-dominicana","category-salud"],"_links":{"self":[{"href":"https:\/\/2horizontes.com\/index.php?rest_route=\/wp\/v2\/posts\/72972","targetHints":{"allow":["GET"]}}],"collection":[{"href":"https:\/\/2horizontes.com\/index.php?rest_route=\/wp\/v2\/posts"}],"about":[{"href":"https:\/\/2horizontes.com\/index.php?rest_route=\/wp\/v2\/types\/post"}],"author":[{"embeddable":true,"href":"https:\/\/2horizontes.com\/index.php?rest_route=\/wp\/v2\/users\/4"}],"replies":[{"embeddable":true,"href":"https:\/\/2horizontes.com\/index.php?rest_route=%2Fwp%2Fv2%2Fcomments&post=72972"}],"version-history":[{"count":1,"href":"https:\/\/2horizontes.com\/index.php?rest_route=\/wp\/v2\/posts\/72972\/revisions"}],"predecessor-version":[{"id":72974,"href":"https:\/\/2horizontes.com\/index.php?rest_route=\/wp\/v2\/posts\/72972\/revisions\/72974"}],"wp:featuredmedia":[{"embeddable":true,"href":"https:\/\/2horizontes.com\/index.php?rest_route=\/wp\/v2\/media\/72973"}],"wp:attachment":[{"href":"https:\/\/2horizontes.com\/index.php?rest_route=%2Fwp%2Fv2%2Fmedia&parent=72972"}],"wp:term":[{"taxonomy":"category","embeddable":true,"href":"https:\/\/2horizontes.com\/index.php?rest_route=%2Fwp%2Fv2%2Fcategories&post=72972"},{"taxonomy":"post_tag","embeddable":true,"href":"https:\/\/2horizontes.com\/index.php?rest_route=%2Fwp%2Fv2%2Ftags&post=72972"}],"curies":[{"name":"wp","href":"https:\/\/api.w.org\/{rel}","templated":true}]}}