{"id":72946,"date":"2021-03-16T17:20:29","date_gmt":"2021-03-16T16:20:29","guid":{"rendered":"http:\/\/2horizontes.com\/?p=72946"},"modified":"2021-03-16T17:20:32","modified_gmt":"2021-03-16T16:20:32","slug":"el-psoe-confia-en-que-la-salida-de-iglesias-facilite-la-convivencia-en-la-coalicion","status":"publish","type":"post","link":"https:\/\/2horizontes.com\/?p=72946","title":{"rendered":"El PSOE conf\u00eda en que la salida de Iglesias facilite la convivencia en la coalici\u00f3n"},"content":{"rendered":"\n<p>S\u00e1nchez e Iglesias se re\u00fanen y acuerdan los cambios en el Gobierno a falta de \u201crematar algunos detalles\u201d<\/p>\n\n\n\n<p><a href=\"https:\/\/elpais.com\/noticias\/pablo-iglesias-turrion\/\" target=\"_blank\" rel=\"noreferrer noopener\">La salida de Pablo Iglesias del Gobierno<\/a>&nbsp;ha sentado bien en el sector socialista del Ejecutivo. Todo son buenas palabras en las primeras horas. La situaci\u00f3n de tensi\u00f3n interna entre los dos sectores de la coalici\u00f3n se hab\u00eda vuelto muy complicada en las \u00faltimas semanas. Desde Navidades ni siquiera hay ya maitines, la reuni\u00f3n que todos los lunes juntaba a S\u00e1nchez, Iglesias y sus n\u00facleos duros.&nbsp;<a href=\"https:\/\/elpais.com\/espana\/2021-03-15\/sanchez-iglesias-historia-de-un-breve-matrimonio-de-conveniencia.html\" target=\"_blank\" rel=\"noreferrer noopener\">El presidente llevaba semanas retrasando una reuni\u00f3n a solas con Iglesias&nbsp;<\/a>en la que se supon\u00eda que iban a ajustar las tensiones en varios frentes. Cada semana se anunciaba y cada semana se retrasaba. El malestar era indisimulable, aunque desde los dos sectores insist\u00edan en que la coalici\u00f3n no se iba a romper y 2021 no ser\u00eda a\u00f1o de elecciones generales. Con la inesperada salida de Iglesias, forzada por&nbsp;<a href=\"https:\/\/elpais.com\/espana\/2021-03-13\/ibamos-a-cambiar-todo-el-gobierno-por-una-presidencia.html\" target=\"_blank\" rel=\"noreferrer noopener\">la catarata de decisiones que inici\u00f3 la moci\u00f3n de censura en Murcia<\/a>, los socialistas creen que la convivencia ser\u00e1 m\u00e1s f\u00e1cil. Yolanda D\u00edaz ser\u00e1 ahora \u2015cuando Iglesias lo deje, dentro de un mes, cuando empiece la campa\u00f1a electoral madrile\u00f1a\u2015 la m\u00e1xima representante de Unidas Podemos en el Ejecutivo y como tal tendr\u00e1 que negociar las decisiones m\u00e1s relevantes. Este martes, S\u00e1nchez e Iglesias se han reunido y han acordado los cambios en el Gobierno a falta de \u201crematar algunos detalles\u201d, seg\u00fan ha comunicado La Moncloa.<\/p>\n\n\n\n<p>El encuentro ha sido breve, seg\u00fan ha comunicado La Moncloa, y \u201cambos consideran\u201d que hay acuerdo en los cambios, que, seg\u00fan la propuesta de Iglesias, supondr\u00edan la llegada de la actual la ministra de Trabajo y Econom\u00eda Social, Yolanda D\u00edaz, a la vicepresidencia segunda. El comunicado recoge, no obstante, que todav\u00eda \u201cfalta\u201d por \u201crematar algunos detalles en base al acuerdo de coalici\u00f3n\u201d entre PSOE y Unidas Podemos. La portavoz del Gobierno, Mar\u00eda Jes\u00fas Montero, ha incidido en la cordialidad del encuentro, pero no ha concretado la configuraci\u00f3n del nuevo Ejecutivo. \u201cConforme esa situaci\u00f3n se vaya aproximando en el tiempo le corresponde a \u00e9l \u2015al presidente del Gobierno\u2015 anunciar cu\u00e1les son los cambios. Era intenci\u00f3n del vicepresidente segundo salir del Gobierno cuando se acerque la fecha de la campa\u00f1a electoral, en torno al 20 de abril\u201d, ha detallado Montero en la conferencia de prensa posterior al Consejo de Ministros.<\/p>\n\n\n\n<p>Las tensiones con D\u00edaz no han sido menores, especialmente con Nadia Calvi\u00f1o,\u00a0vicepresidenta tercera \u2015la ministra de Trabajo ahora ser\u00e1 la segunda, aunque todo indica que la ministra de Econom\u00eda seguir\u00e1 liderando la pol\u00edtica econ\u00f3mica y dirigiendo la comisi\u00f3n delegada de asuntos econ\u00f3micos, pero este es un asunto conflictivo que S\u00e1nchez tendr\u00e1 que resolver\u2015 pero esta militante comunista se ha caracterizado en estos meses por su capacidad para llegar a acuerdos. Hasta siete ha firmado con patronal y sindicatos.\u00a0D\u00edaz ha logrado fama de dura negociadora, en la tradici\u00f3n cl\u00e1sica comunista y sindicalista \u2015viene de una familia hist\u00f3rica de la representaci\u00f3n obrera de Ferrol\u2015 pero con capacidad para llegar a pactos. Y los socialistas valoran eso como una ventaja para negociar las decisiones que vienen ahora, algunas muy dif\u00edciles en pol\u00edtica econ\u00f3mica: pensiones, reforma laboral, ayudas a empresas, los ERTE, salario m\u00ednimo, impuestos.<\/p>\n\n\n\n<p>El ambiente en el Consejo de Ministros, seg\u00fan relatan varios de sus miembros,\u00a0ha sido una muestra de c\u00f3mo ha sentado la bomba informativa de este lunes. Todo han sido buenas palabras para la ministra D\u00edaz. S\u00e1nchez ya le dio la bienvenida a la vicepresidencia segunda y dijo que ten\u00eda la mejor opini\u00f3n de ella. Ahora habr\u00e1 que ver c\u00f3mo funciona la coalici\u00f3n con Iglesias fuera \u2015pero a\u00fan al frente de Unidas Podemos, hasta que deje paso a D\u00edaz\u2015.\u00a0Los socialistas son rivales electorales de Iglesias, y siempre hay tensi\u00f3n entre los dos sectores, pero en el n\u00facleo duro de S\u00e1nchez tienen muy claro que hay much\u00edsimos votantes de Unidas Podemos que nunca apoyar\u00e1n al PSOE. Esto es, como se vio en noviembre de 2019, una bajada de Unidas Podemos no implica una subida de los socialistas. Por eso, para ellos es muy importante que el grupo de Iglesias conserve al m\u00e1ximo posible su espacio y no se hunda del todo, porque si eso sucediera las posibilidades de que sume el bloque de la derecha y S\u00e1nchez no pueda gobernar crecen much\u00edsimo.<\/p>\n\n\n\n<p>La portavoz del PSOE, Adriana Lastra ha ensalzado en el Congreso la disposici\u00f3n de Iglesias. \u201cSe ha puesto al servicio de su partido\u201d, ha destacado. \u201cTenemos que saber d\u00f3nde est\u00e1 el adversario, en los depredadores de lo p\u00fablico\u201d, ha a\u00f1adido en referencia a las elecciones del pr\u00f3ximo 4 de mayo en la Comunidad de Madrid. En ese sentido, los socialistas tambi\u00e9n consideran una buena noticia que Iglesias se haya movido para salvar el espacio en Madrid y de paso apuntar a D\u00edaz, con buena valoraci\u00f3n en todas las encuestas, como la futura candidata.<\/p>\n","protected":false},"excerpt":{"rendered":"<p>S\u00e1nchez e Iglesias se re\u00fanen y acuerdan los cambios en el Gobierno a falta de \u201crematar algunos detalles\u201d La salida de Pablo Iglesias del Gobierno&nbsp;ha sentado bien en el sector socialista del Ejecutivo. Todo son buenas palabras en las primeras horas. La situaci\u00f3n de tensi\u00f3n interna entre los dos sectores de la coalici\u00f3n se hab\u00eda [&hellip;]<\/p>\n","protected":false},"author":1,"featured_media":72947,"comment_status":"open","ping_status":"open","sticky":false,"template":"","format":"standard","meta":{"footnotes":""},"categories":[85,43],"tags":[],"class_list":["post-72946","post","type-post","status-publish","format-standard","has-post-thumbnail","hentry","category-espana","category-politica"],"_links":{"self":[{"href":"https:\/\/2horizontes.com\/index.php?rest_route=\/wp\/v2\/posts\/72946","targetHints":{"allow":["GET"]}}],"collection":[{"href":"https:\/\/2horizontes.com\/index.php?rest_route=\/wp\/v2\/posts"}],"about":[{"href":"https:\/\/2horizontes.com\/index.php?rest_route=\/wp\/v2\/types\/post"}],"author":[{"embeddable":true,"href":"https:\/\/2horizontes.com\/index.php?rest_route=\/wp\/v2\/users\/1"}],"replies":[{"embeddable":true,"href":"https:\/\/2horizontes.com\/index.php?rest_route=%2Fwp%2Fv2%2Fcomments&post=72946"}],"version-history":[{"count":1,"href":"https:\/\/2horizontes.com\/index.php?rest_route=\/wp\/v2\/posts\/72946\/revisions"}],"predecessor-version":[{"id":72948,"href":"https:\/\/2horizontes.com\/index.php?rest_route=\/wp\/v2\/posts\/72946\/revisions\/72948"}],"wp:featuredmedia":[{"embeddable":true,"href":"https:\/\/2horizontes.com\/index.php?rest_route=\/wp\/v2\/media\/72947"}],"wp:attachment":[{"href":"https:\/\/2horizontes.com\/index.php?rest_route=%2Fwp%2Fv2%2Fmedia&parent=72946"}],"wp:term":[{"taxonomy":"category","embeddable":true,"href":"https:\/\/2horizontes.com\/index.php?rest_route=%2Fwp%2Fv2%2Fcategories&post=72946"},{"taxonomy":"post_tag","embeddable":true,"href":"https:\/\/2horizontes.com\/index.php?rest_route=%2Fwp%2Fv2%2Ftags&post=72946"}],"curies":[{"name":"wp","href":"https:\/\/api.w.org\/{rel}","templated":true}]}}