{"id":72919,"date":"2021-03-15T23:53:07","date_gmt":"2021-03-15T22:53:07","guid":{"rendered":"http:\/\/2horizontes.com\/?p=72919"},"modified":"2021-03-15T23:53:09","modified_gmt":"2021-03-15T22:53:09","slug":"la-incidencia-del-coronavirus-en-espana-disminuye-al-ritmo-mas-lento-desde-el-pico-de-la-tercera-ola","status":"publish","type":"post","link":"https:\/\/2horizontes.com\/?p=72919","title":{"rendered":"La incidencia del coronavirus en Espa\u00f1a disminuye al ritmo m\u00e1s lento desde el pico de la tercera ola"},"content":{"rendered":"\n<h2 class=\"wp-block-heading\">Fernando Sim\u00f3n advierte de que la estabilizaci\u00f3n actual de la curva de casos puede implicar repuntes en los pr\u00f3ximos d\u00edas<\/h2>\n\n\n\n<p>El ritmo del descenso de los nuevos contagios por la pandemia se ha estabilizado, como ha admitido esta tarde el director del Centro de Coordinaci\u00f3n de Alertas y Emergencias Sanitarias (CCAES), Fernando Sim\u00f3n, en la habitual rueda de prensa de los lunes para informar\u00a0acerca de la situaci\u00f3n de la pandemia. Esta apreciaci\u00f3n es coincidente con la proyecci\u00f3n que hace\u00a0el proyecto Precov2 de la Universidad Aut\u00f3noma de Madrid: prev\u00e9 que los casos diarios se mantengan por encima de los 5.400 en los pr\u00f3ximos 30 d\u00edas. Sim\u00f3n ha expuesto que en estos momentos no est\u00e1 claro el devenir de esa estabilizaci\u00f3n, esa meseta en la curva de casos, y no ha descartado que haya repuntes.\u00a0El \u00faltimo informe ha incorporado 11.358 nuevos diagn\u00f3sticos, para un acumulado a lo largo de la crisis de 3.195.062<\/p>\n\n\n\n<p>De hecho, aunque la curva del valor tomado para el conjunto de Espa\u00f1a sigue descendiendo, aunque sea poco a poco, en los datos de este lunes se ve que esos repuntes van en aumento si se toman los datos de cada comunidad y ciudad aut\u00f3noma. En este \u00faltimo informe, Andaluc\u00eda, Canarias, Extremadura, Melilla, Navarra y La Rioja tienen peores cifras que el viernes, fue cuando se public\u00f3 el anterior estudio.<\/p>\n\n\n\n<p>Sin embargo, aunque la variaci\u00f3n sea m\u00ednima, la incidencia de contagiados en 14 d\u00edas por 100.000 habitantes ya ha bajado de 130, y est\u00e1 en 128,97. La ca\u00edda de este viernes es la menor desde que empez\u00f3 a bajar, despu\u00e9s de que alcanzase el pico el 27 de enero (899,93). Para dar idea del frenazo en esta bajada, en los \u00faltimos siete d\u00edas este indicador ha ca\u00eddo en 10,12 puntos; la semana anterior descendi\u00f3 en 20,49 unidades; la previa, en 50,23.<\/p>\n\n\n\n\n\n<p>El descenso sostenido en la incidencia desde el pico de esta \u00faltima ola se refleja tambi\u00e9n en que las defunciones notificadas por covid en siete d\u00edas han pasado de 1.926 a 988 en una semana. En total el informe recoge 72.424 fallecimientos por coronavirus, 166 de ellos desde el viernes.<\/p>\n\n\n\n<p>Los lunes son d\u00edas con datos en los que influye la actividad de los hospitales durante el fin de semana. Esa puede ser la raz\u00f3n de la liger\u00edsima subida de la ocupaci\u00f3n de camas hospitalarias. Desde el viernes este porcentaje ha pasado del 6,81% al 6,94%. En las UCI contin\u00faa la mejor\u00eda: dedican el 21,04% de las plazas a personas con covid; hace una semana este porcentaje estaba en el 23,24%.<\/p>\n\n\n\n<ul class=\"wp-block-list\"><li><\/li><\/ul>\n\n\n\n<p><\/p>\n\n\n\n<p>Con esta evoluci\u00f3n tan d\u00e9bilmente a la baja, a los especialistas les cuesta adelantar qu\u00e9 va a pasar en las pr\u00f3ximas semanas. \u201cParece que\u00a0las medidas que estaban en vigor han dado de s\u00ed todo lo que pod\u00edan, aunque tampoco se han mantenido\u201d, afirma Manuel Franco, portavoz de la Sociedad Espa\u00f1ola de Salud P\u00fablica y Administraci\u00f3n Sanitaria (Sespas). El desigual desarrollo de las vacunas y las dudas sobre las reuniones que pueda haber el puente de San Jos\u00e9 (19 de marzo) y en la Semana Santa (primeros de abril) condicionan el futuro de la pandemia.<\/p>\n\n\n\n<p><a rel=\"noreferrer noopener\" href=\"https:\/\/www.facebook.com\/dialog\/share?display=popup&amp;app_id=94039431626&amp;href=https%3A%2F%2Felpais.com%2Fsociedad%2F2021-03-15%2Fla-incidencia-del-coronavirus-en-espana-disminuye-al-ritmo-mas-lento-desde-el-pico-de-la-tercera-ola.html%3Fssm=FB_CC&amp;quote=La%20incidencia%20del%20coronavirus%20en%20Espa%C3%B1a%20disminuye%20al%20ritmo%20m%C3%A1s%20lento%20desde%20el%20pico%20de%20la%20tercera%20ola\" target=\"_blank\"><\/a><a rel=\"noreferrer noopener\" href=\"https:\/\/twitter.com\/intent\/tweet?url=https%3A%2F%2Felpais.com%2Fsociedad%2F2021-03-15%2Fla-incidencia-del-coronavirus-en-espana-disminuye-al-ritmo-mas-lento-desde-el-pico-de-la-tercera-ola.html%3Fssm=TW_CC&amp;text=La%20incidencia%20del%20coronavirus%20en%20Espa%C3%B1a%20disminuye%20al%20ritmo%20m%C3%A1s%20lento%20desde%20el%20pico%20de%20la%20tercera%20ola&amp;via=el_pais&amp;lang=es\" target=\"_blank\"><\/a><a href=\"https:\/\/elpais.com\/sociedad\/2021-03-15\/la-incidencia-del-coronavirus-en-espana-disminuye-al-ritmo-mas-lento-desde-el-pico-de-la-tercera-ola.html#comentarios\"><\/a><a href=\"mailto:?subject=La%20incidencia%20del%20coronavirus%20en%20Espa%C3%B1a%20disminuye%20al%20ritmo%20m%C3%A1s%20lento%20desde%20el%20pico%20de%20la%20tercera%20ola&amp;body=https%3A%2F%2Felpais.com%2Fsociedad%2F2021-03-15%2Fla-incidencia-del-coronavirus-en-espana-disminuye-al-ritmo-mas-lento-desde-el-pico-de-la-tercera-ola.html%3Fprm=enviar_email\"><\/a><\/p>\n","protected":false},"excerpt":{"rendered":"<p>Fernando Sim\u00f3n advierte de que la estabilizaci\u00f3n actual de la curva de casos puede implicar repuntes en los pr\u00f3ximos d\u00edas El ritmo del descenso de los nuevos contagios por la pandemia se ha estabilizado, como ha admitido esta tarde el director del Centro de Coordinaci\u00f3n de Alertas y Emergencias Sanitarias (CCAES), Fernando Sim\u00f3n, en la [&hellip;]<\/p>\n","protected":false},"author":4,"featured_media":72920,"comment_status":"open","ping_status":"open","sticky":false,"template":"","format":"standard","meta":{"footnotes":""},"categories":[85,45],"tags":[],"class_list":["post-72919","post","type-post","status-publish","format-standard","has-post-thumbnail","hentry","category-espana","category-salud"],"_links":{"self":[{"href":"https:\/\/2horizontes.com\/index.php?rest_route=\/wp\/v2\/posts\/72919","targetHints":{"allow":["GET"]}}],"collection":[{"href":"https:\/\/2horizontes.com\/index.php?rest_route=\/wp\/v2\/posts"}],"about":[{"href":"https:\/\/2horizontes.com\/index.php?rest_route=\/wp\/v2\/types\/post"}],"author":[{"embeddable":true,"href":"https:\/\/2horizontes.com\/index.php?rest_route=\/wp\/v2\/users\/4"}],"replies":[{"embeddable":true,"href":"https:\/\/2horizontes.com\/index.php?rest_route=%2Fwp%2Fv2%2Fcomments&post=72919"}],"version-history":[{"count":1,"href":"https:\/\/2horizontes.com\/index.php?rest_route=\/wp\/v2\/posts\/72919\/revisions"}],"predecessor-version":[{"id":72921,"href":"https:\/\/2horizontes.com\/index.php?rest_route=\/wp\/v2\/posts\/72919\/revisions\/72921"}],"wp:featuredmedia":[{"embeddable":true,"href":"https:\/\/2horizontes.com\/index.php?rest_route=\/wp\/v2\/media\/72920"}],"wp:attachment":[{"href":"https:\/\/2horizontes.com\/index.php?rest_route=%2Fwp%2Fv2%2Fmedia&parent=72919"}],"wp:term":[{"taxonomy":"category","embeddable":true,"href":"https:\/\/2horizontes.com\/index.php?rest_route=%2Fwp%2Fv2%2Fcategories&post=72919"},{"taxonomy":"post_tag","embeddable":true,"href":"https:\/\/2horizontes.com\/index.php?rest_route=%2Fwp%2Fv2%2Ftags&post=72919"}],"curies":[{"name":"wp","href":"https:\/\/api.w.org\/{rel}","templated":true}]}}