{"id":72910,"date":"2021-03-15T23:19:17","date_gmt":"2021-03-15T22:19:17","guid":{"rendered":"http:\/\/2horizontes.com\/?p=72910"},"modified":"2021-03-15T23:19:18","modified_gmt":"2021-03-15T22:19:18","slug":"ministro-de-educacion-dice-docencia-se-hara-siguiendo-un-modelo-gradual","status":"publish","type":"post","link":"https:\/\/2horizontes.com\/?p=72910","title":{"rendered":"Ministro de Educaci\u00f3n dice docencia se har\u00e1 siguiendo un modelo gradual"},"content":{"rendered":"\n<p>SANTO DOMINGO.- Cuando se abra la docencia semipresencial en el pa\u00eds el pr\u00f3ximo 6 de abril se har\u00e1 siguiendo un modelo gradual para garantizar que la pandemia no invada las escuelas y s\u00f3lo en los municipios donde los contagiados por el coronavirus no supere el 5% de la poblaci\u00f3n, afirm\u00f3 el ministro de Educaci\u00f3n, Roberto Fulcar.&nbsp;<\/p>\n\n\n\n<p>Fulcar se\u00f1al\u00f3 que en la primera etapa solo entran los estudiantes del nivel preescolar y primario, alternando la asistencia a las aulas con la educaci\u00f3n virtual.<\/p>\n\n\n\n<p>\u201cSi un curso tiene 30 estudiantes, no van a estar todos juntos, sino que se dividir\u00e1n en dos grupos. Un grupo ir\u00eda dos d\u00edas a la semana y el otro tres d\u00edas. Los d\u00edas que no asistan a las aulas seguir\u00e1n recibiendo la docencia a trav\u00e9s de la educaci\u00f3n a distancia\u201d, explic\u00f3 Fulcar al ser entrevistado por Pablo McKinney en su programa sabatino para Color Visi\u00f3n.&nbsp;<\/p>\n\n\n\n\n\n<p>Manifest\u00f3 que la educaci\u00f3n semipresencial entrar\u00e1 en combinaci\u00f3n con la educaci\u00f3n a distancia a trav\u00e9s de la radio, la televisi\u00f3n y el internet para que los alumnos contin\u00faen recibiendo docencia los d\u00edas que no asistan a las aulas.&nbsp;&nbsp;<\/p>\n\n\n\n<p>Dijo que el pron\u00f3stico que han hecho es que contin\u00fae la tendencia a la a la baja de los contagio, pero si sucede cualquier otra cosa, el Minerd tiene respuesta para cada escenario.&nbsp;<\/p>\n\n\n\n<p>Estim\u00f3 que seg\u00fan la evoluci\u00f3n pueden suceder tres cosas: que siga bajando el contagio y otros municipios puedan incorporarse a la docencia presencial, que se mantenga como est\u00e1 en cuyo caso todos los otros estudiantes seguir\u00e1n recibiendo sus clases a trav\u00e9s de la educaci\u00f3n a distancia y tercero que aumente el contagio donde se est\u00e1 dando clase semipresencial y en ese caso \u201ccon toda responsabilidad y transparencia\u201d le comunicar\u00e1n a la poblaci\u00f3n que los estudiantes vuelven a sus casas a recibir docencia en forma virtual.&nbsp;<\/p>\n\n\n\n<p>Para Fulcar, lo importante es \u201cgarantizar la educaci\u00f3n a todos los estudiantes, con Covid o sin Covid, de forma semipresencial o a distancia\u201d.&nbsp;<\/p>\n\n\n\n<p>Afirm\u00f3 que el modelo de educaci\u00f3n que est\u00e1n echando adelante es netamente dominicano y el resultado del esfuerzo colectivo que hoy reconocen numerosos organismos internacionales de Naciones Unidas relativos a la educaci\u00f3n y al desarrollo, entre otros.<\/p>\n\n\n\n<p>of-am\u00a1Comparte esta noticia!<\/p>\n","protected":false},"excerpt":{"rendered":"<p>SANTO DOMINGO.- Cuando se abra la docencia semipresencial en el pa\u00eds el pr\u00f3ximo 6 de abril se har\u00e1 siguiendo un modelo gradual para garantizar que la pandemia no invada las escuelas y s\u00f3lo en los municipios donde los contagiados por el coronavirus no supere el 5% de la poblaci\u00f3n, afirm\u00f3 el ministro de Educaci\u00f3n, Roberto [&hellip;]<\/p>\n","protected":false},"author":4,"featured_media":72911,"comment_status":"open","ping_status":"open","sticky":false,"template":"","format":"standard","meta":{"footnotes":""},"categories":[55,44],"tags":[],"class_list":["post-72910","post","type-post","status-publish","format-standard","has-post-thumbnail","hentry","category-educacion","category-republica-dominicana"],"_links":{"self":[{"href":"https:\/\/2horizontes.com\/index.php?rest_route=\/wp\/v2\/posts\/72910","targetHints":{"allow":["GET"]}}],"collection":[{"href":"https:\/\/2horizontes.com\/index.php?rest_route=\/wp\/v2\/posts"}],"about":[{"href":"https:\/\/2horizontes.com\/index.php?rest_route=\/wp\/v2\/types\/post"}],"author":[{"embeddable":true,"href":"https:\/\/2horizontes.com\/index.php?rest_route=\/wp\/v2\/users\/4"}],"replies":[{"embeddable":true,"href":"https:\/\/2horizontes.com\/index.php?rest_route=%2Fwp%2Fv2%2Fcomments&post=72910"}],"version-history":[{"count":1,"href":"https:\/\/2horizontes.com\/index.php?rest_route=\/wp\/v2\/posts\/72910\/revisions"}],"predecessor-version":[{"id":72912,"href":"https:\/\/2horizontes.com\/index.php?rest_route=\/wp\/v2\/posts\/72910\/revisions\/72912"}],"wp:featuredmedia":[{"embeddable":true,"href":"https:\/\/2horizontes.com\/index.php?rest_route=\/wp\/v2\/media\/72911"}],"wp:attachment":[{"href":"https:\/\/2horizontes.com\/index.php?rest_route=%2Fwp%2Fv2%2Fmedia&parent=72910"}],"wp:term":[{"taxonomy":"category","embeddable":true,"href":"https:\/\/2horizontes.com\/index.php?rest_route=%2Fwp%2Fv2%2Fcategories&post=72910"},{"taxonomy":"post_tag","embeddable":true,"href":"https:\/\/2horizontes.com\/index.php?rest_route=%2Fwp%2Fv2%2Ftags&post=72910"}],"curies":[{"name":"wp","href":"https:\/\/api.w.org\/{rel}","templated":true}]}}