{"id":72901,"date":"2021-03-15T23:01:48","date_gmt":"2021-03-15T22:01:48","guid":{"rendered":"http:\/\/2horizontes.com\/?p=72901"},"modified":"2021-03-15T23:01:50","modified_gmt":"2021-03-15T22:01:50","slug":"la-romana-condenan-a-20-anos-a-un-violador-que-embarazo-sobrina","status":"publish","type":"post","link":"https:\/\/2horizontes.com\/?p=72901","title":{"rendered":"LA ROMANA: Condenan a 20 a\u00f1os a un violador que embaraz\u00f3 sobrina"},"content":{"rendered":"\n<p>LA ROMANA.- El Tribunal Colegiado de esta provincia conden\u00f3 a 20 a\u00f1os de prisi\u00f3n a un hombre que por a\u00f1os cometi\u00f3 abuso sexual contra una sobrina adolescente, a la que embaraz\u00f3.<\/p>\n\n\n\n<p>El condenado fue enviado al Centro de Correcci\u00f3n y Rehabilitaci\u00f3n de Cucama. Los nombres tanto del procesado como de la menor se omiten para proteger la integridad de ambos.<\/p>\n\n\n\n<p>El Ministerio P\u00fablico demostr\u00f3 en el juicio de fondo que el imputado se aprovechaba de enga\u00f1os y promesas falsas para abusar sexualmente de su sobrina desde que ella era ni\u00f1a.<\/p>\n\n\n\n\n\n<p>El hombre fue detenido el 25 de julio de 2018, con base en una orden judicial y ante denuncia de la madre de la adolescente de 14 a\u00f1os, residente en Hig\u00fcey.<\/p>\n\n\n\n<p>of-am\u00a1Comparte esta noticia!<\/p>\n","protected":false},"excerpt":{"rendered":"<p>LA ROMANA.- El Tribunal Colegiado de esta provincia conden\u00f3 a 20 a\u00f1os de prisi\u00f3n a un hombre que por a\u00f1os cometi\u00f3 abuso sexual contra una sobrina adolescente, a la que embaraz\u00f3. El condenado fue enviado al Centro de Correcci\u00f3n y Rehabilitaci\u00f3n de Cucama. Los nombres tanto del procesado como de la menor se omiten para [&hellip;]<\/p>\n","protected":false},"author":4,"featured_media":72902,"comment_status":"open","ping_status":"open","sticky":false,"template":"","format":"standard","meta":{"footnotes":""},"categories":[53,44],"tags":[],"class_list":["post-72901","post","type-post","status-publish","format-standard","has-post-thumbnail","hentry","category-provincias","category-republica-dominicana"],"_links":{"self":[{"href":"https:\/\/2horizontes.com\/index.php?rest_route=\/wp\/v2\/posts\/72901","targetHints":{"allow":["GET"]}}],"collection":[{"href":"https:\/\/2horizontes.com\/index.php?rest_route=\/wp\/v2\/posts"}],"about":[{"href":"https:\/\/2horizontes.com\/index.php?rest_route=\/wp\/v2\/types\/post"}],"author":[{"embeddable":true,"href":"https:\/\/2horizontes.com\/index.php?rest_route=\/wp\/v2\/users\/4"}],"replies":[{"embeddable":true,"href":"https:\/\/2horizontes.com\/index.php?rest_route=%2Fwp%2Fv2%2Fcomments&post=72901"}],"version-history":[{"count":1,"href":"https:\/\/2horizontes.com\/index.php?rest_route=\/wp\/v2\/posts\/72901\/revisions"}],"predecessor-version":[{"id":72903,"href":"https:\/\/2horizontes.com\/index.php?rest_route=\/wp\/v2\/posts\/72901\/revisions\/72903"}],"wp:featuredmedia":[{"embeddable":true,"href":"https:\/\/2horizontes.com\/index.php?rest_route=\/wp\/v2\/media\/72902"}],"wp:attachment":[{"href":"https:\/\/2horizontes.com\/index.php?rest_route=%2Fwp%2Fv2%2Fmedia&parent=72901"}],"wp:term":[{"taxonomy":"category","embeddable":true,"href":"https:\/\/2horizontes.com\/index.php?rest_route=%2Fwp%2Fv2%2Fcategories&post=72901"},{"taxonomy":"post_tag","embeddable":true,"href":"https:\/\/2horizontes.com\/index.php?rest_route=%2Fwp%2Fv2%2Ftags&post=72901"}],"curies":[{"name":"wp","href":"https:\/\/api.w.org\/{rel}","templated":true}]}}