{"id":72888,"date":"2021-03-04T21:32:01","date_gmt":"2021-03-04T20:32:01","guid":{"rendered":"http:\/\/2horizontes.com\/?p=72888"},"modified":"2021-03-04T21:32:03","modified_gmt":"2021-03-04T20:32:03","slug":"conoceran-medidas-coercion-contra-omega-psicologo-objeta-lo-encarcelen","status":"publish","type":"post","link":"https:\/\/2horizontes.com\/?p=72888","title":{"rendered":"Conocer\u00e1n medidas coerci\u00f3n contra Omega; psic\u00f3logo objeta lo encarcelen"},"content":{"rendered":"\n<p>SANTO DOMINGO.-&nbsp; &nbsp;El juzgado de Atenci\u00f3n Permanente del Distrito Nacional fij\u00f3 para este viernes el conocimiento de la solicitud de medida de coerci\u00f3n en contra del merenguero, imputado de exhibir un arma de fuego en la v\u00eda p\u00fablica.<\/p>\n\n\n\n<p>El tribunal conocer\u00e1 a las 9:00 de la ma\u00f1ana el pedido de prisi\u00f3n preventiva en contra de Omega, quien se encuentra recluido en la c\u00e1rcel preventiva del Palacio de Justicia de Cuidad Nueva.&nbsp;&nbsp;Se le acusa de exhibici\u00f3n, uso y porte ilegal de arma de fuego, delitos previstos y sancionados por los art\u00edculos 66, 67 y 79 de la Ley 631-16 sobre Control y Regulaci\u00f3n de Armas, Municiones y Materiales Relacionados.<\/p>\n\n\n\n<p><strong>Especialista en&nbsp;<\/strong><strong>salud mental ve&nbsp;<\/strong><strong>Omega no debe estar preso<\/strong><\/p>\n\n\n\n\n\n<p>El director cl\u00ednico de Alquimedez Mental Health Counseling en Estados Unidos, psic\u00f3logo Henry Montero, opin\u00f3 que el cantante Antonio Peter de la Rosa mejor conocido como Omega no debe ser detenido nuevamente por las autoridades sino m\u00e1s bien este tiene que recibir de manera urgente ayuda psicol\u00f3gica a trav\u00e9s de varias secciones para el control de la ira.<\/p>\n\n\n\n<p>\u201cLa forma instintiva de expresar la ira es respondiendo con agresividad, es una respuesta a las amenazas externas que el ser humano de manera autom\u00e1tica cree que se est\u00e1 defendiendo cuando es atacado, en este caso con c\u00e1rcel no se eliminara la condici\u00f3n \u201c, enfatiz\u00f3 el especialista.<\/p>\n\n\n\n<p>Durante una entrevista en la revista informativa Abriendo la Ma\u00f1ana que se transmite por S\u00faper Canal 33 y Se\u00f1al Caribe en los Estados Unidos, el director cl\u00ednico de Alquimedez Mental Health Counseling tambi\u00e9n manifest\u00f3 que las terapias pueden permitir que Omega pueda recuperarse con el tiempo y as\u00ed pueda insertarse de manera social y profesional ya que es un cantante que cuenta con gran talento.<\/p>\n\n\n\n<p><strong>Fiscal\u00eda dice pistola no es la misma<\/strong><\/p>\n\n\n\n<p>La Fiscal\u00eda del Distrito Nacional estableci\u00f3 que el arma que fue entregada de manera voluntaria por Antonio Peter de la Rosa (Omega) no se corresponde con la que utiliz\u00f3 durante una discusi\u00f3n con un conductor del transporte p\u00fablico el pasado domingo.<\/p>\n\n\n\n<p>De acuerdo a la solicitud de medida de coerci\u00f3n, la pistola de electrochoque entregada por Omega tiene unos detalles amarillos que fueron pintados de color negro, con la intenci\u00f3n de que se pareciera a la utilizada en el hecho.<\/p>\n\n\n\n<p>Sostiene el Ministerio P\u00fablico que al analizar las im\u00e1genes se pudo apreciar que el arma usada tiene un ca\u00f1\u00f3n m\u00e1s grande y fino que la entregada a la Polic\u00eda Nacional.<\/p>\n\n\n\n<p>an\/am\/sp<\/p>\n","protected":false},"excerpt":{"rendered":"<p>SANTO DOMINGO.-&nbsp; &nbsp;El juzgado de Atenci\u00f3n Permanente del Distrito Nacional fij\u00f3 para este viernes el conocimiento de la solicitud de medida de coerci\u00f3n en contra del merenguero, imputado de exhibir un arma de fuego en la v\u00eda p\u00fablica. El tribunal conocer\u00e1 a las 9:00 de la ma\u00f1ana el pedido de prisi\u00f3n preventiva en contra de [&hellip;]<\/p>\n","protected":false},"author":1,"featured_media":72889,"comment_status":"open","ping_status":"open","sticky":false,"template":"","format":"standard","meta":{"footnotes":""},"categories":[1,44],"tags":[],"class_list":["post-72888","post","type-post","status-publish","format-standard","has-post-thumbnail","hentry","category-entretenimiento","category-republica-dominicana"],"_links":{"self":[{"href":"https:\/\/2horizontes.com\/index.php?rest_route=\/wp\/v2\/posts\/72888","targetHints":{"allow":["GET"]}}],"collection":[{"href":"https:\/\/2horizontes.com\/index.php?rest_route=\/wp\/v2\/posts"}],"about":[{"href":"https:\/\/2horizontes.com\/index.php?rest_route=\/wp\/v2\/types\/post"}],"author":[{"embeddable":true,"href":"https:\/\/2horizontes.com\/index.php?rest_route=\/wp\/v2\/users\/1"}],"replies":[{"embeddable":true,"href":"https:\/\/2horizontes.com\/index.php?rest_route=%2Fwp%2Fv2%2Fcomments&post=72888"}],"version-history":[{"count":1,"href":"https:\/\/2horizontes.com\/index.php?rest_route=\/wp\/v2\/posts\/72888\/revisions"}],"predecessor-version":[{"id":72890,"href":"https:\/\/2horizontes.com\/index.php?rest_route=\/wp\/v2\/posts\/72888\/revisions\/72890"}],"wp:featuredmedia":[{"embeddable":true,"href":"https:\/\/2horizontes.com\/index.php?rest_route=\/wp\/v2\/media\/72889"}],"wp:attachment":[{"href":"https:\/\/2horizontes.com\/index.php?rest_route=%2Fwp%2Fv2%2Fmedia&parent=72888"}],"wp:term":[{"taxonomy":"category","embeddable":true,"href":"https:\/\/2horizontes.com\/index.php?rest_route=%2Fwp%2Fv2%2Fcategories&post=72888"},{"taxonomy":"post_tag","embeddable":true,"href":"https:\/\/2horizontes.com\/index.php?rest_route=%2Fwp%2Fv2%2Ftags&post=72888"}],"curies":[{"name":"wp","href":"https:\/\/api.w.org\/{rel}","templated":true}]}}