{"id":72882,"date":"2021-03-04T21:15:31","date_gmt":"2021-03-04T20:15:31","guid":{"rendered":"http:\/\/2horizontes.com\/?p=72882"},"modified":"2021-03-04T21:15:33","modified_gmt":"2021-03-04T20:15:33","slug":"dominicanos-heridos-durante-intento-secuestro-de-autobus-de-rd-en-haiti","status":"publish","type":"post","link":"https:\/\/2horizontes.com\/?p=72882","title":{"rendered":"Dominicanos heridos durante intento secuestro de autob\u00fas de RD en Hait\u00ed"},"content":{"rendered":"\n<p>IMANI.- Varios pasajeros dominicanos resultaron heridos cuando una banda de haitianos con armas largas y encapuchados intent\u00f3 secuestrar&nbsp; un autob\u00fas de la empresa ASOTOUR, que cubr\u00eda la ruta Puerto Pr\u00edncipe-Santo Domingo y regresaba a la Rep\u00fablica Dominicana,&nbsp; denunci\u00f3 el conductor del veh\u00edculo.<\/p>\n\n\n\n<p>El incidente se produjo en la localidad haitiana de Found Parisien, protagonizado por&nbsp; unos 15 hombres quienes bloquearon la carretera para que el autob\u00fas se detuviera, pero tras reducir la velocidad y mientras \u00e9stos se acercaban, \u00e9l chofer Exequiel Tejada volvi\u00f3 a acelerar y logr\u00f3 evadir el ret\u00e9n.<\/p>\n\n\n\n\n\n<p>Tejada dijo que varios pasajeros resultaron heridos debido a balas disparadas por los supuestos delincuentes, de las cuales tres impactaron muy cerca en la ventanilla del conductor.<\/p>\n\n\n\n<p>\u00abFue un momento muy dif\u00edcil el que pasamos\u00bb, dijo Tejada para agregar a seguidas: \u00ab\u201cMe siento agradecido de Dios que me libr\u00f3 de morir hoy\u00bb.<\/p>\n\n\n\n<p>Los niveles de inseguridad que vive el vecino pa\u00eds aumentan debido a la inestabilidad pol\u00edtica, matizada por las protestas de una parte de la poblaci\u00f3n que pide la renuncia del primer mandatario de la naci\u00f3n, Jovenel Moise.<\/p>\n\n\n\n<p>sp-aam<\/p>\n\n\n\n<blockquote class=\"wp-block-quote is-layout-flow wp-block-quote-is-layout-flow\"><p><\/p><\/blockquote>\n\n\n\n\n\n<blockquote class=\"wp-block-quote is-layout-flow wp-block-quote-is-layout-flow\"><p>Castillo ve hist\u00f3rico el anuncio sobre construcci\u00f3n de valla en la frontera<\/p><\/blockquote>\n\n\n\n\n\n<p><\/p>\n","protected":false},"excerpt":{"rendered":"<p>IMANI.- Varios pasajeros dominicanos resultaron heridos cuando una banda de haitianos con armas largas y encapuchados intent\u00f3 secuestrar&nbsp; un autob\u00fas de la empresa ASOTOUR, que cubr\u00eda la ruta Puerto Pr\u00edncipe-Santo Domingo y regresaba a la Rep\u00fablica Dominicana,&nbsp; denunci\u00f3 el conductor del veh\u00edculo. El incidente se produjo en la localidad haitiana de Found Parisien, protagonizado por&nbsp; [&hellip;]<\/p>\n","protected":false},"author":1,"featured_media":72883,"comment_status":"open","ping_status":"open","sticky":false,"template":"","format":"standard","meta":{"footnotes":""},"categories":[47,44],"tags":[],"class_list":["post-72882","post","type-post","status-publish","format-standard","has-post-thumbnail","hentry","category-haiti","category-republica-dominicana"],"_links":{"self":[{"href":"https:\/\/2horizontes.com\/index.php?rest_route=\/wp\/v2\/posts\/72882","targetHints":{"allow":["GET"]}}],"collection":[{"href":"https:\/\/2horizontes.com\/index.php?rest_route=\/wp\/v2\/posts"}],"about":[{"href":"https:\/\/2horizontes.com\/index.php?rest_route=\/wp\/v2\/types\/post"}],"author":[{"embeddable":true,"href":"https:\/\/2horizontes.com\/index.php?rest_route=\/wp\/v2\/users\/1"}],"replies":[{"embeddable":true,"href":"https:\/\/2horizontes.com\/index.php?rest_route=%2Fwp%2Fv2%2Fcomments&post=72882"}],"version-history":[{"count":1,"href":"https:\/\/2horizontes.com\/index.php?rest_route=\/wp\/v2\/posts\/72882\/revisions"}],"predecessor-version":[{"id":72884,"href":"https:\/\/2horizontes.com\/index.php?rest_route=\/wp\/v2\/posts\/72882\/revisions\/72884"}],"wp:featuredmedia":[{"embeddable":true,"href":"https:\/\/2horizontes.com\/index.php?rest_route=\/wp\/v2\/media\/72883"}],"wp:attachment":[{"href":"https:\/\/2horizontes.com\/index.php?rest_route=%2Fwp%2Fv2%2Fmedia&parent=72882"}],"wp:term":[{"taxonomy":"category","embeddable":true,"href":"https:\/\/2horizontes.com\/index.php?rest_route=%2Fwp%2Fv2%2Fcategories&post=72882"},{"taxonomy":"post_tag","embeddable":true,"href":"https:\/\/2horizontes.com\/index.php?rest_route=%2Fwp%2Fv2%2Ftags&post=72882"}],"curies":[{"name":"wp","href":"https:\/\/api.w.org\/{rel}","templated":true}]}}