{"id":72876,"date":"2021-03-02T01:10:33","date_gmt":"2021-03-02T00:10:33","guid":{"rendered":"http:\/\/2horizontes.com\/?p=72876"},"modified":"2021-03-02T01:10:34","modified_gmt":"2021-03-02T00:10:34","slug":"brasil-encadena-cinco-dias-con-mas-de-1-300-muertes-diarias-por-covid-19","status":"publish","type":"post","link":"https:\/\/2horizontes.com\/?p=72876","title":{"rendered":"Brasil encadena cinco d\u00edas con m\u00e1s de 1.300 muertes diarias por covid-19"},"content":{"rendered":"\n<p>RIO DE JANEIRO.- Brasil encaden\u00f3 este s\u00e1bado cinco d\u00edas con m\u00e1s de 1.300 muertes diarias por la covid, con lo que el total de fallecidos se acerca a los 255.000, en momentos en que la pandemia tiene semiparalizado al pa\u00eds debido a la intensidad de una segunda ola m\u00e1s virulenta, inform\u00f3 el Gobierno.<\/p>\n\n\n\n<p>Brasil, uno de los pa\u00edses m\u00e1s azotados por el virus, registr\u00f3 1.386 decesos en las \u00faltimas 24 horas y sum\u00f3 un total de 254.221 muertes, seg\u00fan el bolet\u00edn divulgado hoy por el Ministerio de Salud.<\/p>\n\n\n\n<p>En los \u00faltimos cinco d\u00edas el n\u00famero de fallecimientos ha permanecido por encima de los 1.300: 1.386 el martes, 1.428 el mi\u00e9rcoles, 1.541 el jueves, 1.337 el viernes y 1.386 este s\u00e1bado.<\/p>\n\n\n\n\n\n<p>El n\u00famero de contagios tambi\u00e9n se mantiene alto y desde la v\u00edspera se han registrado 61.302 nuevos contagios con lo que el total de infectados en el pa\u00eds ya asciende a 10.517.232.<\/p>\n\n\n\n<p>Desde hace m\u00e1s de un mes, el promedio de muertes por covid en el pa\u00eds sobrepasa los 1.000 diarios y el de contagios se sit\u00faa cerca de los 50.000, cifras que tienen en estado cr\u00edtico a medio pa\u00eds, pues el sistema de salud de 13 de los 27 estados amenaza con colapsar y las Unidades de Cuidados Intensivos (UCI) est\u00e1n a punto de desbordar su capacidad.<\/p>\n\n\n\n<p>En las regiones m\u00e1s afectadas, que se han visto obligadas a endurecer las medidas de restricci\u00f3n, predominan los toques de queda nocturnos y el cierre de comercios.<\/p>\n\n\n\n<p>Las cifras confirman a Brasil, con sus 210 millones de habitantes, como el segundo pa\u00eds del mundo con mayor n\u00famero de muertos, despu\u00e9s de Estados Unidos, y el tercero con m\u00e1s contagios, detr\u00e1s del pa\u00eds norteamericano e India.<\/p>\n\n\n\n<p>Con el aumento de las muertes y los casos este s\u00e1bado, la tasa de mortalidad de la enfermedad en el pa\u00eds lleg\u00f3 a 121 fallecidos por cada 100.000 habitantes, mientras que la de incidencia subi\u00f3 a 5.004 infectados cada 100.000 habitantes. La tasa de letalidad de la enfermedad en Brasil se mantuvo en el 2,4 % del total de la poblaci\u00f3n.<\/p>\n\n\n\n<p>No obstante, del total de contagiados, 9.386.440 personas ya est\u00e1n recuperadas, lo que corresponde al 89,2 % de los infectados, mientras que otras 876.571 siguen bajo acompa\u00f1amiento m\u00e9dico (8,38 % del total).\u00a1Comparte esta noticia!<\/p>\n","protected":false},"excerpt":{"rendered":"<p>RIO DE JANEIRO.- Brasil encaden\u00f3 este s\u00e1bado cinco d\u00edas con m\u00e1s de 1.300 muertes diarias por la covid, con lo que el total de fallecidos se acerca a los 255.000, en momentos en que la pandemia tiene semiparalizado al pa\u00eds debido a la intensidad de una segunda ola m\u00e1s virulenta, inform\u00f3 el Gobierno. Brasil, uno [&hellip;]<\/p>\n","protected":false},"author":4,"featured_media":72877,"comment_status":"open","ping_status":"open","sticky":false,"template":"","format":"standard","meta":{"footnotes":""},"categories":[84,83],"tags":[],"class_list":["post-72876","post","type-post","status-publish","format-standard","has-post-thumbnail","hentry","category-otras-noticias","category-reportajes"],"_links":{"self":[{"href":"https:\/\/2horizontes.com\/index.php?rest_route=\/wp\/v2\/posts\/72876","targetHints":{"allow":["GET"]}}],"collection":[{"href":"https:\/\/2horizontes.com\/index.php?rest_route=\/wp\/v2\/posts"}],"about":[{"href":"https:\/\/2horizontes.com\/index.php?rest_route=\/wp\/v2\/types\/post"}],"author":[{"embeddable":true,"href":"https:\/\/2horizontes.com\/index.php?rest_route=\/wp\/v2\/users\/4"}],"replies":[{"embeddable":true,"href":"https:\/\/2horizontes.com\/index.php?rest_route=%2Fwp%2Fv2%2Fcomments&post=72876"}],"version-history":[{"count":1,"href":"https:\/\/2horizontes.com\/index.php?rest_route=\/wp\/v2\/posts\/72876\/revisions"}],"predecessor-version":[{"id":72878,"href":"https:\/\/2horizontes.com\/index.php?rest_route=\/wp\/v2\/posts\/72876\/revisions\/72878"}],"wp:featuredmedia":[{"embeddable":true,"href":"https:\/\/2horizontes.com\/index.php?rest_route=\/wp\/v2\/media\/72877"}],"wp:attachment":[{"href":"https:\/\/2horizontes.com\/index.php?rest_route=%2Fwp%2Fv2%2Fmedia&parent=72876"}],"wp:term":[{"taxonomy":"category","embeddable":true,"href":"https:\/\/2horizontes.com\/index.php?rest_route=%2Fwp%2Fv2%2Fcategories&post=72876"},{"taxonomy":"post_tag","embeddable":true,"href":"https:\/\/2horizontes.com\/index.php?rest_route=%2Fwp%2Fv2%2Ftags&post=72876"}],"curies":[{"name":"wp","href":"https:\/\/api.w.org\/{rel}","templated":true}]}}