{"id":72813,"date":"2021-02-18T00:31:23","date_gmt":"2021-02-17T23:31:23","guid":{"rendered":"http:\/\/2horizontes.com\/?p=72813"},"modified":"2021-02-18T00:31:24","modified_gmt":"2021-02-17T23:31:24","slug":"rd-recibira-pronto-otras-90-mil-dosis-de-vacuna-astrazeneca-contra-covid","status":"publish","type":"post","link":"https:\/\/2horizontes.com\/?p=72813","title":{"rendered":"RD recibir\u00e1 pronto otras 90 mil dosis de vacuna AstraZeneca contra COVID"},"content":{"rendered":"\n<p>SANTO DOMINGO.\u2013&nbsp; En los pr\u00f3ximos d\u00edas la Rep\u00fablica Dominicana contar\u00e1 con 90 mil dosis adicionales de la vacuna de AstraZeneca, para completar las 110 mil que recibir\u00e1 el Gobierno a fin de continuar una jornada nacional de combate a la pandemia de COVID-19, inform\u00f3 el ministro de Salud P\u00fablica, Plitarco Arias.<\/p>\n\n\n\n<p>Unas 373 personas del \u00e1rea de Salud fueron inmunizadas con la primera dosis en el primer d\u00eda al inicio de aplicaci\u00f3n de la vacuna contra el coronavirus, en los hospitales del Gran Santo Domingo.<\/p>\n\n\n\n<p>Arias dijo se trata de la fase IA del&nbsp; Plan Nacional de Vacunaci\u00f3n contra la enfermedad que prioriza al personal de primera l\u00ednea, principalmente m\u00e9dicos y enfermeras.<\/p>\n\n\n\n\n\n<p>Asegur\u00f3 que cuentan con todas las dosis para cubrir la fase IA del plan, destinado al personal m\u00e9dico de primera l\u00ednea, como se inici\u00f3 este martes en los hospitales que tienen camas para pacientes de la COVID-19.<\/p>\n\n\n\n<p>Dijo que el personal que recibi\u00f3 la primera dosis de la vacuna pertenece a los Hospitales Ram\u00f3n de Lara, Francisco Moscoso Puello y Marcelino V\u00e9lez Santana.<\/p>\n\n\n\n<p><strong>Provincias del Cibao y el Norte<\/strong><\/p>\n\n\n\n<p>Este mi\u00e9rcoles, el doctor Arias se traslad\u00f3 a las provincias Monse\u00f1or Nouel (Bonao) Duarte (San Francisco de Macor\u00eds), La Vega, Santiago y Puerto Plata, para continuar con el proceso de inmunizaci\u00f3n.<\/p>\n\n\n\n<p>Indic\u00f3 que en Santo Domingo se abrir\u00e1 otro centro de vacunaci\u00f3n para sumar 18, para que&nbsp; ning\u00fan dominicano se quede sin la inmunizaci\u00f3n.<\/p>\n\n\n\n<p>Adem\u00e1s dijo que capacitar\u00e1n a siete mil personas para esos fines.<\/p>\n\n\n\n<p>Exhort\u00f3 a la poblaci\u00f3n asumir la vacuna como una responsabilidad y confianza, tal y como lo ha tomado el Presidente Abinader para que la vacuna llegue y se aplique a la poblaci\u00f3n en general.<\/p>\n","protected":false},"excerpt":{"rendered":"<p>SANTO DOMINGO.\u2013&nbsp; En los pr\u00f3ximos d\u00edas la Rep\u00fablica Dominicana contar\u00e1 con 90 mil dosis adicionales de la vacuna de AstraZeneca, para completar las 110 mil que recibir\u00e1 el Gobierno a fin de continuar una jornada nacional de combate a la pandemia de COVID-19, inform\u00f3 el ministro de Salud P\u00fablica, Plitarco Arias. Unas 373 personas del [&hellip;]<\/p>\n","protected":false},"author":1,"featured_media":72814,"comment_status":"open","ping_status":"open","sticky":false,"template":"","format":"standard","meta":{"footnotes":""},"categories":[43,44,45],"tags":[],"class_list":["post-72813","post","type-post","status-publish","format-standard","has-post-thumbnail","hentry","category-politica","category-republica-dominicana","category-salud"],"_links":{"self":[{"href":"https:\/\/2horizontes.com\/index.php?rest_route=\/wp\/v2\/posts\/72813","targetHints":{"allow":["GET"]}}],"collection":[{"href":"https:\/\/2horizontes.com\/index.php?rest_route=\/wp\/v2\/posts"}],"about":[{"href":"https:\/\/2horizontes.com\/index.php?rest_route=\/wp\/v2\/types\/post"}],"author":[{"embeddable":true,"href":"https:\/\/2horizontes.com\/index.php?rest_route=\/wp\/v2\/users\/1"}],"replies":[{"embeddable":true,"href":"https:\/\/2horizontes.com\/index.php?rest_route=%2Fwp%2Fv2%2Fcomments&post=72813"}],"version-history":[{"count":1,"href":"https:\/\/2horizontes.com\/index.php?rest_route=\/wp\/v2\/posts\/72813\/revisions"}],"predecessor-version":[{"id":72815,"href":"https:\/\/2horizontes.com\/index.php?rest_route=\/wp\/v2\/posts\/72813\/revisions\/72815"}],"wp:featuredmedia":[{"embeddable":true,"href":"https:\/\/2horizontes.com\/index.php?rest_route=\/wp\/v2\/media\/72814"}],"wp:attachment":[{"href":"https:\/\/2horizontes.com\/index.php?rest_route=%2Fwp%2Fv2%2Fmedia&parent=72813"}],"wp:term":[{"taxonomy":"category","embeddable":true,"href":"https:\/\/2horizontes.com\/index.php?rest_route=%2Fwp%2Fv2%2Fcategories&post=72813"},{"taxonomy":"post_tag","embeddable":true,"href":"https:\/\/2horizontes.com\/index.php?rest_route=%2Fwp%2Fv2%2Ftags&post=72813"}],"curies":[{"name":"wp","href":"https:\/\/api.w.org\/{rel}","templated":true}]}}