{"id":72800,"date":"2021-02-10T00:44:54","date_gmt":"2021-02-09T23:44:54","guid":{"rendered":"http:\/\/2horizontes.com\/?p=72800"},"modified":"2021-02-10T00:44:56","modified_gmt":"2021-02-09T23:44:56","slug":"suspenden-policias-que-maltrataron-a-un-medico-durante-el-toque-de-queda","status":"publish","type":"post","link":"https:\/\/2horizontes.com\/?p=72800","title":{"rendered":"Suspenden polic\u00edas que maltrataron a un m\u00e9dico durante el toque de queda"},"content":{"rendered":"\n<ul class=\"wp-block-list\"><li>\u00a0\u00a0<\/li><\/ul>\n\n\n\n<figure><iframe loading=\"lazy\" width=\"500\" height=\"375\" src=\"https:\/\/www.youtube.com\/embed\/-rPAPwvXURY?feature=oembed&amp;wmode=opaque\" allowfullscreen=\"\"><\/iframe><\/figure>\n\n\n\n<p>SANTIAGO DE LOS CABALLEROS.- La Polic\u00eda suspendi\u00f3 a dos de sus agentes que el pasado domingo maltrataron y apresaron a un m\u00e9dico que entraba a su casa durante el toque de queda.<\/p>\n\n\n\n<p>El coronel Juan Hilario Guzm\u00e1n Badia, vocero de la Direcci\u00f3n Regional Cibao Central, inform\u00f3 que la Jefatura actu\u00f3 en base a una denuncia interpuesta por la v\u00edctima, el doctor Noel Antonio G\u00f3mez.<\/p>\n\n\n\n\n\n<p>\u00abLa Polic\u00eda Nacional actu\u00f3 apegada al principio de transparencia institucional, como servidores p\u00fablicos de cumplimiento de ley, y acogi\u00f3 la denuncia interpuesta por el doctor Noel Antonio G\u00f3mez Ferreira, sobre supuesto maltrato por parte de dos agentes de nuestra instituci\u00f3n que lo detuvieron el pasado domingo en momentos que \u00e9ste se dirig\u00eda hacia su residencia, en Santiago, durante el horario restringido\u00bb, indic\u00f3.<\/p>\n\n\n\n<p>Reiter\u00f3 que \u00ablos profesionales de la salud son nuestros m\u00e1s cercanos aliados en la lucha contra la pandemia en estos \u00faltimos 11 meses, trabajando mano a mano con el fin de que se cumplan los protocolos sanitarios para reducir los contagios por coronavirus\u00bb.<\/p>\n\n\n\n\n\n<p>\u00a1Comparte esta noticia!<\/p>\n","protected":false},"excerpt":{"rendered":"<p>\u00a0\u00a0 SANTIAGO DE LOS CABALLEROS.- La Polic\u00eda suspendi\u00f3 a dos de sus agentes que el pasado domingo maltrataron y apresaron a un m\u00e9dico que entraba a su casa durante el toque de queda. El coronel Juan Hilario Guzm\u00e1n Badia, vocero de la Direcci\u00f3n Regional Cibao Central, inform\u00f3 que la Jefatura actu\u00f3 en base a una [&hellip;]<\/p>\n","protected":false},"author":1,"featured_media":72801,"comment_status":"open","ping_status":"open","sticky":true,"template":"","format":"standard","meta":{"footnotes":""},"categories":[53,83,44,45],"tags":[],"class_list":["post-72800","post","type-post","status-publish","format-standard","has-post-thumbnail","hentry","category-provincias","category-reportajes","category-republica-dominicana","category-salud"],"_links":{"self":[{"href":"https:\/\/2horizontes.com\/index.php?rest_route=\/wp\/v2\/posts\/72800","targetHints":{"allow":["GET"]}}],"collection":[{"href":"https:\/\/2horizontes.com\/index.php?rest_route=\/wp\/v2\/posts"}],"about":[{"href":"https:\/\/2horizontes.com\/index.php?rest_route=\/wp\/v2\/types\/post"}],"author":[{"embeddable":true,"href":"https:\/\/2horizontes.com\/index.php?rest_route=\/wp\/v2\/users\/1"}],"replies":[{"embeddable":true,"href":"https:\/\/2horizontes.com\/index.php?rest_route=%2Fwp%2Fv2%2Fcomments&post=72800"}],"version-history":[{"count":1,"href":"https:\/\/2horizontes.com\/index.php?rest_route=\/wp\/v2\/posts\/72800\/revisions"}],"predecessor-version":[{"id":72802,"href":"https:\/\/2horizontes.com\/index.php?rest_route=\/wp\/v2\/posts\/72800\/revisions\/72802"}],"wp:featuredmedia":[{"embeddable":true,"href":"https:\/\/2horizontes.com\/index.php?rest_route=\/wp\/v2\/media\/72801"}],"wp:attachment":[{"href":"https:\/\/2horizontes.com\/index.php?rest_route=%2Fwp%2Fv2%2Fmedia&parent=72800"}],"wp:term":[{"taxonomy":"category","embeddable":true,"href":"https:\/\/2horizontes.com\/index.php?rest_route=%2Fwp%2Fv2%2Fcategories&post=72800"},{"taxonomy":"post_tag","embeddable":true,"href":"https:\/\/2horizontes.com\/index.php?rest_route=%2Fwp%2Fv2%2Ftags&post=72800"}],"curies":[{"name":"wp","href":"https:\/\/api.w.org\/{rel}","templated":true}]}}