{"id":72797,"date":"2021-02-09T02:31:48","date_gmt":"2021-02-09T01:31:48","guid":{"rendered":"http:\/\/2horizontes.com\/?p=72797"},"modified":"2021-02-09T02:31:50","modified_gmt":"2021-02-09T01:31:50","slug":"gobierno-de-haiti-acusa-a-juez-joseph-mecene-de-violar-las-leyes-del-pais","status":"publish","type":"post","link":"https:\/\/2horizontes.com\/?p=72797","title":{"rendered":"Gobierno de Hait\u00ed acusa a juez Joseph M\u00e9cene de violar las leyes del pa\u00eds"},"content":{"rendered":"\n<p>Puerto Pr\u00edncipe, 8 feb (Prensa Latina) El ministro haitiano de Justicia, Rockefeller Vincent, acus\u00f3 hoy al juez Joseph M\u00e9cene Jean-Louis de violar las leyes, al aceptar la presidencia de un eventual Gobierno de transici\u00f3n.<\/p>\n\n\n\n<p>Vicent asegur\u00f3 a una radioemisora local que el letrado podr\u00eda correr la misma suerte que su colega Yviquel Dabr\u00e9sil, arrestado la v\u00edspera e implicado en un intento de golpe de Estado y magnicidio, seg\u00fan denunciaron las autoridades.<\/p>\n\n\n\n<p>Dabr\u00e9sil junto a una veintena de personas est\u00e1 acusado de \u00abconspiraci\u00f3n contra la seguridad interior del Estado\u00bb, precis\u00f3 el funcionario.<\/p>\n\n\n\n\n\n<p>Al querer usurpar el t\u00edtulo de presidente de la Rep\u00fablica, el \u00abautoproclamado\u00bb viola lo dispuesto en el art\u00edculo cinco de la Ley del Estatuto de la Magistratura: \u00abSe proh\u00edbe a los jueces y funcionarios del Ministerio P\u00fablico cualquier acci\u00f3n pol\u00edtica o manifestaci\u00f3n de car\u00e1cter partidista\u00bb, escribi\u00f3 el ministro en sus redes sociales.<\/p>\n\n\n\n<p>M\u00e9cene, de 72 a\u00f1os, es el m\u00e1s antiguo juez de la Corte de Casaci\u00f3n y seg\u00fan los partidos de la oposici\u00f3n tiene la misi\u00f3n de dirigir la administraci\u00f3n provisional en los pr\u00f3ximos dos a\u00f1os.<\/p>\n\n\n\n<p>En un breve discurso a la naci\u00f3n trasmitido en sus redes sociales dio por terminado el mandato presidencial de M\u00e9cene, y acept\u00f3 la elecci\u00f3n de la oposici\u00f3n pol\u00edtica y la sociedad civil \u00abpara servir a mi pa\u00eds como presidente de la transici\u00f3n de ruptura\u00bb, asegur\u00f3.<\/p>\n\n\n\n<p>El presidente Jovenel se a\u00fan no se pronunci\u00f3 con respecto al nombramiento, pero este lunes recibi\u00f3 el apoyo de la Uni\u00f3n Europea, que apel\u00f3 un acuerdo inclusivo ente los actores pol\u00edticos y abog\u00f3 por la celebraci\u00f3n de elecciones generales y legislativas justas y transparentes.<\/p>\n\n\n\n<p><strong>Religiosos divididos con elecci\u00f3n presidencial<\/strong><\/p>\n\n\n\n<p>El sector vud\u00fa de Hait\u00ed se encuentra hoy dividido con la elecci\u00f3n del juez Joseph M\u00e9c\u00c3\u00bfne como presidente del eventual gobierno de transici\u00f3n.<\/p>\n\n\n\n<p>Organizaciones como Zantray y al menos otras tres, reconocieron a M\u00e9c\u00c3\u00bfne, letrado de 72 a\u00f1os y el m\u00e1s experimentado en el Tribunal de Casaci\u00f3n, sin embargo, por el momento no es una postura un\u00e1nime.<\/p>\n\n\n\n<p>Los sectores de la oposici\u00f3n y la sociedad civil designaron al abogado para dirigir los destinos de la naci\u00f3n durante los pr\u00f3ximos dos a\u00f1os, a pesar que el presidente Jovenel Mo\u00c3\u00afse contin\u00faa en su puesto y no tiene intenciones de abandonar el poder.<\/p>\n\n\n\n<p><\/p>\n","protected":false},"excerpt":{"rendered":"<p>Puerto Pr\u00edncipe, 8 feb (Prensa Latina) El ministro haitiano de Justicia, Rockefeller Vincent, acus\u00f3 hoy al juez Joseph M\u00e9cene Jean-Louis de violar las leyes, al aceptar la presidencia de un eventual Gobierno de transici\u00f3n. Vicent asegur\u00f3 a una radioemisora local que el letrado podr\u00eda correr la misma suerte que su colega Yviquel Dabr\u00e9sil, arrestado la [&hellip;]<\/p>\n","protected":false},"author":1,"featured_media":72798,"comment_status":"open","ping_status":"open","sticky":false,"template":"","format":"standard","meta":{"footnotes":""},"categories":[47],"tags":[],"class_list":["post-72797","post","type-post","status-publish","format-standard","has-post-thumbnail","hentry","category-haiti"],"_links":{"self":[{"href":"https:\/\/2horizontes.com\/index.php?rest_route=\/wp\/v2\/posts\/72797","targetHints":{"allow":["GET"]}}],"collection":[{"href":"https:\/\/2horizontes.com\/index.php?rest_route=\/wp\/v2\/posts"}],"about":[{"href":"https:\/\/2horizontes.com\/index.php?rest_route=\/wp\/v2\/types\/post"}],"author":[{"embeddable":true,"href":"https:\/\/2horizontes.com\/index.php?rest_route=\/wp\/v2\/users\/1"}],"replies":[{"embeddable":true,"href":"https:\/\/2horizontes.com\/index.php?rest_route=%2Fwp%2Fv2%2Fcomments&post=72797"}],"version-history":[{"count":1,"href":"https:\/\/2horizontes.com\/index.php?rest_route=\/wp\/v2\/posts\/72797\/revisions"}],"predecessor-version":[{"id":72799,"href":"https:\/\/2horizontes.com\/index.php?rest_route=\/wp\/v2\/posts\/72797\/revisions\/72799"}],"wp:featuredmedia":[{"embeddable":true,"href":"https:\/\/2horizontes.com\/index.php?rest_route=\/wp\/v2\/media\/72798"}],"wp:attachment":[{"href":"https:\/\/2horizontes.com\/index.php?rest_route=%2Fwp%2Fv2%2Fmedia&parent=72797"}],"wp:term":[{"taxonomy":"category","embeddable":true,"href":"https:\/\/2horizontes.com\/index.php?rest_route=%2Fwp%2Fv2%2Fcategories&post=72797"},{"taxonomy":"post_tag","embeddable":true,"href":"https:\/\/2horizontes.com\/index.php?rest_route=%2Fwp%2Fv2%2Ftags&post=72797"}],"curies":[{"name":"wp","href":"https:\/\/api.w.org\/{rel}","templated":true}]}}