{"id":72714,"date":"2020-12-21T16:22:31","date_gmt":"2020-12-21T15:22:31","guid":{"rendered":"http:\/\/2horizontes.com\/?p=72714"},"modified":"2020-12-21T16:22:34","modified_gmt":"2020-12-21T15:22:34","slug":"las-autoridades-sanitarias-europeas-confirman-que-la-nueva-mutacion-de-coronavirus-es-un-70-mas-contagiosa","status":"publish","type":"post","link":"https:\/\/2horizontes.com\/?p=72714","title":{"rendered":"Las autoridades sanitarias europeas confirman que la nueva mutaci\u00f3n de coronavirus es un 70 % m\u00e1s contagiosa"},"content":{"rendered":"\n<p>La nueva variante del SARS-CoV-2 detectada la pasada semana en el Reino Unido es hasta un 70 % m\u00e1s contagiosa que las registradas hasta la fecha, aunque su infecci\u00f3n no es m\u00e1s grave, seg\u00fan&nbsp;<a href=\"https:\/\/www.ecdc.europa.eu\/en\/publications-data\/threat-assessment-brief-rapid-increase-sars-cov-2-variant-united-kingdom\" target=\"_blank\" rel=\"noreferrer noopener\">ha confirmado<\/a>&nbsp;el Centro Europeo de Prevenci\u00f3n y Control de Enfermedades (ECDC por sus siglas en ingl\u00e9s).<\/p>\n\n\n\n<p>Hasta la fecha,&nbsp;<strong>Dinamarca y los Pa\u00edses Bajos<\/strong>&nbsp;han informado de algunos casos con la nueva variante y, seg\u00fan informaciones aparecidas en prensa, tambi\u00e9n se habr\u00eda detectado en B\u00e9lgica. As\u00ed, el ECDC recomienza la realizaci\u00f3n de esfuerzos para prevenir y controlar su propagaci\u00f3n fuera del Reino Unido.<\/p>\n\n\n\n<p>La nueva variante del coronavirus ha provocado la implementaci\u00f3n de medidas restrictivas en el Reino Unido, donde el secretario de Salud, Matt Hancock,&nbsp;<a href=\"https:\/\/actualidad.rt.com\/actualidad\/377536-mutacion-coronavirus-detectada-reino-unido\" target=\"_blank\" rel=\"noreferrer noopener\">afirm\u00f3<\/a>&nbsp;que la&nbsp;la cepa detectada recientemente&nbsp;<strong>est\u00e1 \u00abfuera de control\u00bb&nbsp;<\/strong>y el n\u00famero de casos \u00abse dispar\u00f3\u00bb en los \u00faltimos d\u00edas.&nbsp;En ese contexto, sugiri\u00f3 que las restricciones para detener su propagaci\u00f3n podr\u00edan estar en vigor durante meses.<\/p>\n\n\n\n<h3 class=\"wp-block-heading\">Prohibici\u00f3n de vuelos<\/h3>\n\n\n\n<p>Tras la alarma procedente de Reino Unido, una veintena de pa\u00edses, tanto en Europa como en el resto del mundo, han\u00a0prohibido los vuelos provenientes de Gran Breta\u00f1a.<\/p>\n\n\n\n<p>Espa\u00f1a se ha unido a este grupo de pa\u00edses en las \u00faltimas horas, con una medida concertada con Portugal,&nbsp;y tan solo permitir\u00e1 los vuelos de ciudadanos espa\u00f1oles o residentes en Espa\u00f1a con PCR negativa a partir de este martes, 22 de diciembre.<br>Seg\u00fan ha declarado el ministro de Sanidad, Salvador Illa, todav\u00eda no se ha detectado ning\u00fan caso de la nueva variante en territorio espa\u00f1ol, aunque la nueva cepa ha llegado a la Pen\u00ednsula Ib\u00e9rica, al enclave brit\u00e1nico de Gibraltar,&nbsp;como han informado&nbsp;este mismo lunes fuentes del Gobierno del Reino Unido.<\/p>\n\n\n\n<h3 class=\"wp-block-heading\">\u00bfAfectar\u00e1 a la vacuna?<\/h3>\n\n\n\n<p>Respecto a la vacuna, los expertos consideran que&nbsp;<strong>es poco probable que la mutaci\u00f3n no responda a las vacunas<\/strong>, ya que los f\u00e1rmacos se han probado con muchas variantes del virus en circulaci\u00f3n.<\/p>\n\n\n\n<p>Por el momento, las autoridades europeas se encuentran reunidas la ma\u00f1ana de este lunes para acordar una&nbsp;<strong>posici\u00f3n com\u00fan<\/strong>&nbsp;con respecto a esta nueva problem\u00e1tica sanitaria.<\/p>\n\n\n\n<p>Por su parte, la Organizaci\u00f3n Mundial de la Salud (OMS)\u00a0<a rel=\"noreferrer noopener\" href=\"https:\/\/actualidad.rt.com\/actualidad\/377503-oms-estrecho-contacto-autoridades-britanicas\" target=\"_blank\">afirm\u00f3<\/a>\u00a0este domingo que est\u00e1 \u00aben estrecho contacto\u00bb con las autoridades\u00a0brit\u00e1nica. Previamente, desde el organismo declararon\u00a0que\u00a0<strong>no hay datos<\/strong>\u00a0que muestren que la nueva mutaci\u00f3n del SARS-CoV-2\u00a0<strong>se distinga en su comportamiento de otras cepas<\/strong>\u00a0del virus.<\/p>\n\n\n\n<p>Fuente: RT. <\/p>\n","protected":false},"excerpt":{"rendered":"<p>La nueva variante del SARS-CoV-2 detectada la pasada semana en el Reino Unido es hasta un 70 % m\u00e1s contagiosa que las registradas hasta la fecha, aunque su infecci\u00f3n no es m\u00e1s grave, seg\u00fan&nbsp;ha confirmado&nbsp;el Centro Europeo de Prevenci\u00f3n y Control de Enfermedades (ECDC por sus siglas en ingl\u00e9s). Hasta la fecha,&nbsp;Dinamarca y los Pa\u00edses [&hellip;]<\/p>\n","protected":false},"author":44079,"featured_media":72715,"comment_status":"open","ping_status":"open","sticky":false,"template":"","format":"standard","meta":{"footnotes":""},"categories":[86,45],"tags":[],"class_list":["post-72714","post","type-post","status-publish","format-standard","has-post-thumbnail","hentry","category-europa","category-salud"],"_links":{"self":[{"href":"https:\/\/2horizontes.com\/index.php?rest_route=\/wp\/v2\/posts\/72714","targetHints":{"allow":["GET"]}}],"collection":[{"href":"https:\/\/2horizontes.com\/index.php?rest_route=\/wp\/v2\/posts"}],"about":[{"href":"https:\/\/2horizontes.com\/index.php?rest_route=\/wp\/v2\/types\/post"}],"author":[{"embeddable":true,"href":"https:\/\/2horizontes.com\/index.php?rest_route=\/wp\/v2\/users\/44079"}],"replies":[{"embeddable":true,"href":"https:\/\/2horizontes.com\/index.php?rest_route=%2Fwp%2Fv2%2Fcomments&post=72714"}],"version-history":[{"count":1,"href":"https:\/\/2horizontes.com\/index.php?rest_route=\/wp\/v2\/posts\/72714\/revisions"}],"predecessor-version":[{"id":72716,"href":"https:\/\/2horizontes.com\/index.php?rest_route=\/wp\/v2\/posts\/72714\/revisions\/72716"}],"wp:featuredmedia":[{"embeddable":true,"href":"https:\/\/2horizontes.com\/index.php?rest_route=\/wp\/v2\/media\/72715"}],"wp:attachment":[{"href":"https:\/\/2horizontes.com\/index.php?rest_route=%2Fwp%2Fv2%2Fmedia&parent=72714"}],"wp:term":[{"taxonomy":"category","embeddable":true,"href":"https:\/\/2horizontes.com\/index.php?rest_route=%2Fwp%2Fv2%2Fcategories&post=72714"},{"taxonomy":"post_tag","embeddable":true,"href":"https:\/\/2horizontes.com\/index.php?rest_route=%2Fwp%2Fv2%2Ftags&post=72714"}],"curies":[{"name":"wp","href":"https:\/\/api.w.org\/{rel}","templated":true}]}}