{"id":72699,"date":"2020-12-17T17:15:31","date_gmt":"2020-12-17T16:15:31","guid":{"rendered":"http:\/\/2horizontes.com\/?p=72699"},"modified":"2020-12-17T17:15:36","modified_gmt":"2020-12-17T16:15:36","slug":"el-congreso-de-espana-da-luz-verde-a-la-ley-de-eutanasia","status":"publish","type":"post","link":"https:\/\/2horizontes.com\/?p=72699","title":{"rendered":"El Congreso de Espa\u00f1a da luz verde a la ley de eutanasia"},"content":{"rendered":"\n<p>Un pleno extraordinario del Congreso de los Diputados de Espa\u00f1a ha aprobado este jueves por mayor\u00eda absoluta la proposici\u00f3n de ley org\u00e1nica de regulaci\u00f3n de la eutanasia, una norma que regula el derecho del los pacientes de&nbsp;<strong>enfermedades graves e incurables o invalidantes&nbsp;<\/strong>a&nbsp;solicitar ayuda para morir.<\/p>\n\n\n\n<p>El texto, que ha recabado en la C\u00e1mara Baja&nbsp;198 votos a favor&nbsp;y 138 en contra, queda pendiente de su aprobaci\u00f3n a cargo del Senado. De producirse, y cuenta con apoyos suficientes, Espa\u00f1a se convertir\u00e1 as\u00ed en&nbsp;<strong>el sexto pa\u00eds del mundo<\/strong>&nbsp;que acoge una normativa favorable a este derecho, despu\u00e9s de&nbsp;Holanda, B\u00e9lgica, Luxemburgo, Canad\u00e1 y Colombia.<\/p>\n\n\n\n<p>La tramitaci\u00f3n de este marco legal, cuya primera propuesta parlamentaria en Espa\u00f1a se remonta a 1994, siempre ha generado&nbsp;<strong>controversia<\/strong>&nbsp;por sus diversas implicaciones \u00e9ticas, y especial rechazo entre las formaciones m\u00e1s conservadoras. Incluso en esta ocasi\u00f3n, a pesar del amplio respaldo parlamentario recibido, el principal partido de la oposici\u00f3n, el Partido Popular, ha votado en contra.&nbsp;<\/p>\n\n\n\n<h3 class=\"wp-block-heading\">Las claves de la nueva ley<\/h3>\n\n\n\n<p>Seg\u00fan el texto que se ha sometido a votaci\u00f3n, podr\u00e1n ejercer este derecho todas las personas&nbsp;<strong>mayores de edad<\/strong>&nbsp;que tengan&nbsp;la&nbsp;nacionalidad espa\u00f1ola \u2013o residencia legal en Espa\u00f1a\u2013, y que sean&nbsp;<strong>plenamente capaces y&nbsp;conscientes<\/strong>&nbsp;de&nbsp;su solicitud. Esta,&nbsp;en todo caso, podr\u00e1 ser retirada cuando el solicitante lo desee.<\/p>\n\n\n\n<p>El paciente debe tener a su disposici\u00f3n y por escrito toda la informaci\u00f3n m\u00e9dica sobre su proceso y&nbsp;<strong>conocer todas las alternativas<\/strong>&nbsp;a este, incluida la de acceder a cuidados paliativos.&nbsp;<\/p>\n\n\n\n<p>Adem\u00e1s, debe&nbsp;<strong>rellenar dos formularios<\/strong>&nbsp;(entre los que transcurrir\u00e1n 15 d\u00edas naturales) en los que de manera voluntaria deje claro su consentimiento informado.<\/p>\n\n\n\n<figure><iframe allowfullscreen=\"true\" class=\"\" src=\"https:\/\/platform.twitter.com\/embed\/index.html?dnt=false&amp;embedId=twitter-widget-0&amp;frame=false&amp;hideCard=false&amp;hideThread=false&amp;id=1339587082193260546&amp;lang=es&amp;origin=https%3A%2F%2Factualidad.rt.com%2Factualidad%2F377212-congreso-espanol-luz-verde-legalizar-eutanasia&amp;siteScreenName=ActualidadRT&amp;theme=light&amp;widgetsVersion=ed20a2b%3A1601588405575&amp;width=550px\"><\/iframe><\/figure>\n\n\n\n<p>Paralelamente, un m\u00e9dico debe certificar que sufre&nbsp;una enfermedad grave e incurable o padece una enfermedad grave, cr\u00f3nica e invalidante. Este m\u00e9dico tambi\u00e9n puede&nbsp;<strong>agilizar el tr\u00e1mite<\/strong>&nbsp;reduciendo los plazos estipulados si considera&nbsp;que la muerte de la persona solicitante o su p\u00e9rdida de capacidad para otorgar consentimiento son inminentes.<\/p>\n\n\n\n<p>En ninguna circunstancia podr\u00e1&nbsp;requerir la eutanasia un menor, ni sus padres podr\u00e1n solicitarla para este.&nbsp;<\/p>\n\n\n\n<p>Y tambi\u00e9n hay espacio para la&nbsp;<strong>objeci\u00f3n de conciencia<\/strong>&nbsp;entre los profesionales sanitarios: la norma establece que&nbsp;tienen el&nbsp;\u00abderecho individual a no atender aquellas demandas de actuaci\u00f3n sanitaria reguladas en esta ley que resultan incompatibles con sus propias convicciones\u00bb.<\/p>\n\n\n\n<p>En cualquier caso, las administraciones regionales del pa\u00eds&nbsp;<strong>deben garantizar al paciente dicha prestaci\u00f3n<\/strong>&nbsp;si cumple los requisitos para solicitarla.<\/p>\n\n\n\n<h3 class=\"wp-block-heading\">Aparente consenso entre la poblaci\u00f3n<\/h3>\n\n\n\n<p>El 78 % de los espa\u00f1oles ya se mostr\u00f3 a favor de la promulgaci\u00f3n de&nbsp;<strong>una ley que regulara el derecho a la muerte digna<\/strong>&nbsp;la \u00faltima vez que una&nbsp;<a href=\"http:\/\/www.cis.es\/cis\/export\/sites\/default\/-Archivos\/Marginales\/2900_2919\/2916\/Es2916_mod.pdf\" target=\"_blank\" rel=\"noreferrer noopener\">encuesta<\/a>&nbsp;del Centro de Investigaciones Sociales (CIS) pregunt\u00f3 al respecto, en el a\u00f1o 2011.<\/p>\n\n\n\n<p>Dos a\u00f1os antes, en 2009, el mismo organismo hab\u00eda&nbsp;<a href=\"http:\/\/www.cis.es\/cis\/export\/sites\/default\/-Archivos\/Marginales\/2800_2819\/2803\/es2803.pdf\" target=\"_blank\" rel=\"noreferrer noopener\">formulado<\/a>&nbsp;la siguiente pregunta:\u00bbCuando una persona tiene una enfermedad en fase terminal, que le causa grandes sufrimientos y que le causar\u00e1 la muerte en poco tiempo, \u00bfcree usted que la ley deber\u00eda permitir que los m\u00e9dicos pudieran poner fin a su vida y a sus sufrimientos, si esta persona lo solicita libremente?\u00bb.&nbsp;<strong>El 63,3 % de los&nbsp;encuestados contest\u00f3 que \u00abs\u00ed, con toda seguridad\u00bb<\/strong>, y un 17,2 % adicional cre\u00eda estar de acuerdo, aunque mostraban cierto grado de duda.<\/p>\n","protected":false},"excerpt":{"rendered":"<p>Un pleno extraordinario del Congreso de los Diputados de Espa\u00f1a ha aprobado este jueves por mayor\u00eda absoluta la proposici\u00f3n de ley org\u00e1nica de regulaci\u00f3n de la eutanasia, una norma que regula el derecho del los pacientes de&nbsp;enfermedades graves e incurables o invalidantes&nbsp;a&nbsp;solicitar ayuda para morir. El texto, que ha recabado en la C\u00e1mara Baja&nbsp;198 votos [&hellip;]<\/p>\n","protected":false},"author":44079,"featured_media":72700,"comment_status":"open","ping_status":"open","sticky":false,"template":"","format":"standard","meta":{"footnotes":""},"categories":[85],"tags":[],"class_list":["post-72699","post","type-post","status-publish","format-standard","has-post-thumbnail","hentry","category-espana"],"_links":{"self":[{"href":"https:\/\/2horizontes.com\/index.php?rest_route=\/wp\/v2\/posts\/72699","targetHints":{"allow":["GET"]}}],"collection":[{"href":"https:\/\/2horizontes.com\/index.php?rest_route=\/wp\/v2\/posts"}],"about":[{"href":"https:\/\/2horizontes.com\/index.php?rest_route=\/wp\/v2\/types\/post"}],"author":[{"embeddable":true,"href":"https:\/\/2horizontes.com\/index.php?rest_route=\/wp\/v2\/users\/44079"}],"replies":[{"embeddable":true,"href":"https:\/\/2horizontes.com\/index.php?rest_route=%2Fwp%2Fv2%2Fcomments&post=72699"}],"version-history":[{"count":1,"href":"https:\/\/2horizontes.com\/index.php?rest_route=\/wp\/v2\/posts\/72699\/revisions"}],"predecessor-version":[{"id":72701,"href":"https:\/\/2horizontes.com\/index.php?rest_route=\/wp\/v2\/posts\/72699\/revisions\/72701"}],"wp:featuredmedia":[{"embeddable":true,"href":"https:\/\/2horizontes.com\/index.php?rest_route=\/wp\/v2\/media\/72700"}],"wp:attachment":[{"href":"https:\/\/2horizontes.com\/index.php?rest_route=%2Fwp%2Fv2%2Fmedia&parent=72699"}],"wp:term":[{"taxonomy":"category","embeddable":true,"href":"https:\/\/2horizontes.com\/index.php?rest_route=%2Fwp%2Fv2%2Fcategories&post=72699"},{"taxonomy":"post_tag","embeddable":true,"href":"https:\/\/2horizontes.com\/index.php?rest_route=%2Fwp%2Fv2%2Ftags&post=72699"}],"curies":[{"name":"wp","href":"https:\/\/api.w.org\/{rel}","templated":true}]}}