{"id":72696,"date":"2020-12-17T16:04:19","date_gmt":"2020-12-17T15:04:19","guid":{"rendered":"http:\/\/2horizontes.com\/?p=72696"},"modified":"2020-12-17T16:04:21","modified_gmt":"2020-12-17T15:04:21","slug":"la-ue-comenzara-a-vacunar-contra-el-coronavirus-a-partir-del-27-de-diciembre","status":"publish","type":"post","link":"https:\/\/2horizontes.com\/?p=72696","title":{"rendered":"La UE comenzar\u00e1 a vacunar contra el coronavirus a partir del 27 de diciembre"},"content":{"rendered":"\n<p>La presidenta de la Comisi\u00f3n Europea,&nbsp;Ursula von der Leyen, ha anunciado este jueves&nbsp;que la&nbsp;vacunaci\u00f3n contra el covid-19&nbsp;empezar\u00e1 en los estados miembros de la Uni\u00f3n Europea (UE) los pr\u00f3ximos&nbsp;27, 28 y 29 de diciembre.<\/p>\n\n\n\n<p>Este anuncio est\u00e1 pendiente de que la Agencia Europea del Medicamento (EMA) d\u00e9 su visto bueno a la\u00a0<strong>vacuna de Pfizer<\/strong>. Est\u00e1 previsto que los expertos del EMA se re\u00fanan el pr\u00f3ximo lunes, 21 de diciembre. Si en ese encuentro otorgan la aprobaci\u00f3n del f\u00e1rmaco, la Comisi\u00f3n tendr\u00e1 dos d\u00edas para tramitar la\u00a0<strong>autorizaci\u00f3n comercial<\/strong>\u00a0y para que se comience su\u00a0<strong>distribuci\u00f3n simult\u00e1nea<\/strong>\u00a0a todos los pa\u00edses de la UE.<\/p>\n\n\n\n<figure><iframe allowfullscreen=\"true\" class=\"\" src=\"https:\/\/platform.twitter.com\/embed\/index.html?dnt=false&amp;embedId=twitter-widget-0&amp;frame=false&amp;hideCard=false&amp;hideThread=false&amp;id=1339525459864936450&amp;lang=es&amp;origin=https%3A%2F%2Factualidad.rt.com%2Factualidad%2F377222-union-europea-comienzo-vacuna-coronavirus-diciembre&amp;siteScreenName=ActualidadRT&amp;theme=light&amp;widgetsVersion=ed20a2b%3A1601588405575&amp;width=550px\"><\/iframe><\/figure>\n\n\n\n<p>Von der Leyen ha hecho el anuncio a trav\u00e9s de una publicaci\u00f3n en su perfil oficial de Twitter, donde, adem\u00e1s de adelantar la fecha del inicio de la vacunaci\u00f3n, ha escrito que \u00abes el momento de Europa\u00bb. \u00abProtegemos a nuestros ciudadanos juntos.&nbsp;<strong>Somos m\u00e1s fuertes juntos<\/strong>\u00ab, ha a\u00f1adido.<\/p>\n\n\n\n<p>La confirmaci\u00f3n de la fecha tambi\u00e9n ha venido de la mano del Gobierno alem\u00e1n. Poco antes del anuncio de la presidenta de la Comisi\u00f3n, el ministro alem\u00e1n de Salud, Jens Spahn,&nbsp;<a href=\"https:\/\/twitter.com\/jensspahn\/status\/1339535740489920516\" target=\"_blank\" rel=\"noreferrer noopener\">afirmaba<\/a>&nbsp;que las primeras dosis se pondr\u00edan a partir del domingo de la pr\u00f3xima semana.<\/p>\n\n\n\n<h3 class=\"wp-block-heading\">Segunda ola descontrolada<\/h3>\n\n\n\n<p>La buena noticia sobre la pronta inmunizaci\u00f3n de la ciudadan\u00eda europea se produce cuando varios pa\u00edses est\u00e1n pasando por el punto m\u00e1s complicado de la segunda ola de la pandemia. En el caso alem\u00e1n, durante las \u00faltimas jornadas se est\u00e1n reportando cerca de&nbsp;<strong>30.000 casos diarios<\/strong>, mientras que las muertes han&nbsp;<a href=\"https:\/\/actualidad.rt.com\/actualidad\/377072-alemania-registra-952-muertes-jornada\" target=\"_blank\" rel=\"noreferrer noopener\">rozado el millar<\/a>&nbsp;en 24 horas esta semana.<\/p>\n\n\n\n<p>Reino Unido Johnson, por su parte, ha avisado de \u00ab<strong>aumentos preocupantes<\/strong>&nbsp;en algunas partes del pa\u00eds\u00bb.&nbsp;En otras latitudes del planeta, la situaci\u00f3n es igualmente alarmante, como en el caso de EE.UU., que este mi\u00e9rcoles ha roto su&nbsp;<strong>r\u00e9cord diario de muertes<\/strong>&nbsp;por covid-19, con 3.784 fallecidos.<\/p>\n\n\n\n<p>Desde que a principios de a\u00f1o la pandemia de coronavirus comenzara a expandirse por todo el mundo, ya se han registrado m\u00e1s de\u00a0<strong>74,3 millones de casos positivos y m\u00e1s de 1,6 millones de muertes<\/strong>.<\/p>\n\n\n\n<p>Fuente: RT. <\/p>\n","protected":false},"excerpt":{"rendered":"<p>La presidenta de la Comisi\u00f3n Europea,&nbsp;Ursula von der Leyen, ha anunciado este jueves&nbsp;que la&nbsp;vacunaci\u00f3n contra el covid-19&nbsp;empezar\u00e1 en los estados miembros de la Uni\u00f3n Europea (UE) los pr\u00f3ximos&nbsp;27, 28 y 29 de diciembre. Este anuncio est\u00e1 pendiente de que la Agencia Europea del Medicamento (EMA) d\u00e9 su visto bueno a la\u00a0vacuna de Pfizer. Est\u00e1 previsto [&hellip;]<\/p>\n","protected":false},"author":44079,"featured_media":72697,"comment_status":"open","ping_status":"open","sticky":false,"template":"","format":"standard","meta":{"footnotes":""},"categories":[86,45],"tags":[],"class_list":["post-72696","post","type-post","status-publish","format-standard","has-post-thumbnail","hentry","category-europa","category-salud"],"_links":{"self":[{"href":"https:\/\/2horizontes.com\/index.php?rest_route=\/wp\/v2\/posts\/72696","targetHints":{"allow":["GET"]}}],"collection":[{"href":"https:\/\/2horizontes.com\/index.php?rest_route=\/wp\/v2\/posts"}],"about":[{"href":"https:\/\/2horizontes.com\/index.php?rest_route=\/wp\/v2\/types\/post"}],"author":[{"embeddable":true,"href":"https:\/\/2horizontes.com\/index.php?rest_route=\/wp\/v2\/users\/44079"}],"replies":[{"embeddable":true,"href":"https:\/\/2horizontes.com\/index.php?rest_route=%2Fwp%2Fv2%2Fcomments&post=72696"}],"version-history":[{"count":1,"href":"https:\/\/2horizontes.com\/index.php?rest_route=\/wp\/v2\/posts\/72696\/revisions"}],"predecessor-version":[{"id":72698,"href":"https:\/\/2horizontes.com\/index.php?rest_route=\/wp\/v2\/posts\/72696\/revisions\/72698"}],"wp:featuredmedia":[{"embeddable":true,"href":"https:\/\/2horizontes.com\/index.php?rest_route=\/wp\/v2\/media\/72697"}],"wp:attachment":[{"href":"https:\/\/2horizontes.com\/index.php?rest_route=%2Fwp%2Fv2%2Fmedia&parent=72696"}],"wp:term":[{"taxonomy":"category","embeddable":true,"href":"https:\/\/2horizontes.com\/index.php?rest_route=%2Fwp%2Fv2%2Fcategories&post=72696"},{"taxonomy":"post_tag","embeddable":true,"href":"https:\/\/2horizontes.com\/index.php?rest_route=%2Fwp%2Fv2%2Ftags&post=72696"}],"curies":[{"name":"wp","href":"https:\/\/api.w.org\/{rel}","templated":true}]}}