{"id":72686,"date":"2020-12-16T13:22:50","date_gmt":"2020-12-16T12:22:50","guid":{"rendered":"http:\/\/2horizontes.com\/?p=72686"},"modified":"2020-12-16T13:22:53","modified_gmt":"2020-12-16T12:22:53","slug":"ingresado-de-urgencia-el-expresidente-argentino-carlos-menem","status":"publish","type":"post","link":"https:\/\/2horizontes.com\/?p=72686","title":{"rendered":"Ingresado de urgencia el expresidente argentino Carlos Menem"},"content":{"rendered":"\n<p>El expresidente argentino y actual senador, Carlos Menem, de 90 a\u00f1os, ha sido ingresado de urgencia este martes por la noche en el Instituto Argentino del Diagn\u00f3stico, en Buenos Aires. Seg\u00fan el entorno familiar del pol\u00edtico,&nbsp;<a href=\"https:\/\/www.cronista.com\/economiapolitica\/Internaron-de-urgencia-al-expresidente-Carlos-Menem-20201215-0079.html\" target=\"_blank\" rel=\"noreferrer noopener\">citadas<\/a>&nbsp;por los medios locales, Menem se descompens\u00f3 en su casa y presenta&nbsp;<strong>complicaciones severas a nivel respiratorio<\/strong>, aunque se descarta que se trate de covid-19. Asimismo, afirman que el mandatario est\u00e1 controlado y fuera de peligro.<\/p>\n\n\n\n<p>Se trata del cuarto internamiento hospitalario del pol\u00edtico, que fue presidente entre 1989 y 1999. En junio Menem fue ingresado en ese mismo hospital por una neumon\u00eda. Tras ser dado de alta volvi\u00f3 a ser internado nuevamente en julio, aunque logr\u00f3 recuperarse. En esa ocasi\u00f3n, tras realizarle pruebas diagn\u00f3sticas, tambi\u00e9n se descart\u00f3 que se tratase de coronavirus.<\/p>\n\n\n\n<p>Fuente: RT. <\/p>\n","protected":false},"excerpt":{"rendered":"<p>El expresidente argentino y actual senador, Carlos Menem, de 90 a\u00f1os, ha sido ingresado de urgencia este martes por la noche en el Instituto Argentino del Diagn\u00f3stico, en Buenos Aires. Seg\u00fan el entorno familiar del pol\u00edtico,&nbsp;citadas&nbsp;por los medios locales, Menem se descompens\u00f3 en su casa y presenta&nbsp;complicaciones severas a nivel respiratorio, aunque se descarta que [&hellip;]<\/p>\n","protected":false},"author":44079,"featured_media":72687,"comment_status":"open","ping_status":"open","sticky":false,"template":"","format":"standard","meta":{"footnotes":""},"categories":[40,43],"tags":[],"class_list":["post-72686","post","type-post","status-publish","format-standard","has-post-thumbnail","hentry","category-internacionales","category-politica"],"_links":{"self":[{"href":"https:\/\/2horizontes.com\/index.php?rest_route=\/wp\/v2\/posts\/72686","targetHints":{"allow":["GET"]}}],"collection":[{"href":"https:\/\/2horizontes.com\/index.php?rest_route=\/wp\/v2\/posts"}],"about":[{"href":"https:\/\/2horizontes.com\/index.php?rest_route=\/wp\/v2\/types\/post"}],"author":[{"embeddable":true,"href":"https:\/\/2horizontes.com\/index.php?rest_route=\/wp\/v2\/users\/44079"}],"replies":[{"embeddable":true,"href":"https:\/\/2horizontes.com\/index.php?rest_route=%2Fwp%2Fv2%2Fcomments&post=72686"}],"version-history":[{"count":1,"href":"https:\/\/2horizontes.com\/index.php?rest_route=\/wp\/v2\/posts\/72686\/revisions"}],"predecessor-version":[{"id":72688,"href":"https:\/\/2horizontes.com\/index.php?rest_route=\/wp\/v2\/posts\/72686\/revisions\/72688"}],"wp:featuredmedia":[{"embeddable":true,"href":"https:\/\/2horizontes.com\/index.php?rest_route=\/wp\/v2\/media\/72687"}],"wp:attachment":[{"href":"https:\/\/2horizontes.com\/index.php?rest_route=%2Fwp%2Fv2%2Fmedia&parent=72686"}],"wp:term":[{"taxonomy":"category","embeddable":true,"href":"https:\/\/2horizontes.com\/index.php?rest_route=%2Fwp%2Fv2%2Fcategories&post=72686"},{"taxonomy":"post_tag","embeddable":true,"href":"https:\/\/2horizontes.com\/index.php?rest_route=%2Fwp%2Fv2%2Ftags&post=72686"}],"curies":[{"name":"wp","href":"https:\/\/api.w.org\/{rel}","templated":true}]}}