{"id":72651,"date":"2020-12-11T15:54:55","date_gmt":"2020-12-11T14:54:55","guid":{"rendered":"http:\/\/2horizontes.com\/?p=72651"},"modified":"2020-12-11T15:54:57","modified_gmt":"2020-12-11T14:54:57","slug":"no-todos-somos-iguales-ante-la-ley-el-escandaloso-discurso-de-la-presidenta-de-madrid-para-defender-a-juan-carlos-i","status":"publish","type":"post","link":"https:\/\/2horizontes.com\/?p=72651","title":{"rendered":"\u00abNo todos somos iguales ante la ley\u00bb: El escandaloso discurso de la presidenta de Madrid para defender a Juan Carlos I"},"content":{"rendered":"\n<p>Despu\u00e9s de que este jueves trascendiera que el&nbsp;rey em\u00e9rito de Espa\u00f1a, Juan Carlos I, hab\u00eda&nbsp;<a href=\"https:\/\/actualidad.rt.com\/actualidad\/376439-rey-emerito-juan-carlos-regularizacion-hacienda\" target=\"_blank\" rel=\"noreferrer noopener\">regularizado su situaci\u00f3n fiscal<\/a>&nbsp;pagando impuestos por unos fondos no declarados, la defensa que ha hecho la presidenta de la Comunidad de Madrid, Isabel D\u00edaz Ayuso, del&nbsp;exmonarca ha sorprendido a todo el mundo e indignado a una buena parte de la ciudadan\u00eda.<\/p>\n\n\n\n<p>\u00abLa ley es para todos la misma, pero no todos somos iguales ante la ley\u00bb, afirm\u00f3 Ayuso ante el Pleno de la Asamblea regional tras ser preguntada por un diputado de la oposici\u00f3n sobre el pago de 700.000 euros de Juan Carlos I a Hacienda para evitar la imputaci\u00f3n penal por fraude fiscal y blanqueo de capitales. La&nbsp;pol\u00edtica regional tambi\u00e9n afirm\u00f3 que el exmonarca&nbsp;<strong>\u00abno es un ciudadano m\u00e1s\u00bb<\/strong>, despu\u00e9s de mostrar todos sus \u00abrespetos para el rey don Juan Carlos y para su trayectoria\u00bb.<\/p>\n\n\n\n<p>Lo cierto es que la afirmaci\u00f3n de la presidenta madrile\u00f1a&nbsp;<strong>contradice los establecido en el art\u00edculo 14 de la Constituci\u00f3n Espa\u00f1ola<\/strong>, que reza: \u00abLos espa\u00f1oles son iguales ante la ley, sin que pueda prevalecer discriminaci\u00f3n alguna por raz\u00f3n de nacimiento, raza, sexo, religi\u00f3n, opini\u00f3n o cualquier otra condici\u00f3n o circunstancia personal o social\u00bb.<\/p>\n\n\n\n<p>Esta contradicci\u00f3n, de hecho, la convirti\u00f3 el jueves en &#8216;Trending Topic&#8217; y ha recibido muchas cr\u00edticas y comentarios en las redes sociales.<\/p>\n\n\n\n<figure><iframe allowfullscreen=\"true\" class=\"\" src=\"https:\/\/platform.twitter.com\/embed\/index.html?dnt=false&amp;embedId=twitter-widget-0&amp;frame=false&amp;hideCard=false&amp;hideThread=false&amp;id=1337019307792936960&amp;lang=es&amp;origin=https%3A%2F%2Factualidad.rt.com%2Factualidad%2F376592-escandaloso-discurso-presidenta-madrid-rey-emerito&amp;siteScreenName=ActualidadRT&amp;theme=light&amp;widgetsVersion=ed20a2b%3A1601588405575&amp;width=550px\"><\/iframe><\/figure>\n\n\n\n<p>\u00abComo contribuyente an\u00f3nimo no ser\u00e9 yo quien tenga que hablar de su relaci\u00f3n con Hacienda\u00bb, afirm\u00f3 tambi\u00e9n D\u00edaz Ayuso como parte de su defensa del rey em\u00e9rito, a lo que agreg\u00f3: \u00abGracias a su trabajo pudimos pasar de&nbsp;<strong>una dictadura con la que no se llevaba especialmente bien<\/strong>&nbsp;a una democracia de la ley a la ley\u00bb.<\/p>\n\n\n\n<p>Esta \u00faltima aseveraci\u00f3n tambi\u00e9n ha sido motivo de cr\u00edtica en las redes, donde numerosos usuarios recordaban la estrecha relaci\u00f3n entre&nbsp;el exmonarca y el dictador Francisco Franco, que hizo que este \u00faltimo le&nbsp;nombrara&nbsp;<strong>heredero de la Jefatura de Estado<\/strong>&nbsp;a su muerte. De ese modo,&nbsp;Juan Carlos I&nbsp;fue proclamado rey en 1975, antes de la aprobaci\u00f3n de la Constituci\u00f3n espa\u00f1ola, gracias a la ley de sucesi\u00f3n franquista, despu\u00e9s de que en 1969 jurase los principios del Movimiento Nacional que lideraba Franco.<\/p>\n\n\n\n<figure><iframe allowfullscreen=\"true\" class=\"\" src=\"https:\/\/platform.twitter.com\/embed\/index.html?dnt=false&amp;embedId=twitter-widget-1&amp;frame=false&amp;hideCard=false&amp;hideThread=false&amp;id=1336981882051899393&amp;lang=es&amp;origin=https%3A%2F%2Factualidad.rt.com%2Factualidad%2F376592-escandaloso-discurso-presidenta-madrid-rey-emerito&amp;siteScreenName=ActualidadRT&amp;theme=light&amp;widgetsVersion=ed20a2b%3A1601588405575&amp;width=550px\"><\/iframe><\/figure>\n\n\n\n<p>Pero la alocuci\u00f3n de la mandataria madrile\u00f1a fue todav\u00eda m\u00e1s all\u00e1: \u00abLa Monarqu\u00eda, la Constituci\u00f3n o la capital de Espa\u00f1a no nos pertenecen a ninguno, porque es fruto del consenso de todos. Por eso&nbsp;<strong>la Monarqu\u00eda y Madrid van unidos hist\u00f3ricamente<\/strong>&nbsp;de la mano, y ustedes lo quieren derrocar por una rep\u00fablica bananera (&#8230;) Y de ah\u00ed siempre sus ataques desmesurados contra la Monarqu\u00eda\u00bb, sostuvo ante el Pleno en respuesta a la oposici\u00f3n.<\/p>\n\n\n\n<p>Estas \u00faltimas palabras recordaron a otras recientes de Isabel D\u00edaz Ayuso,&nbsp;con las&nbsp;que, a modo de trabalenguas, expres\u00f3: \u00ab<strong>Madrid es Espa\u00f1a dentro de Espa\u00f1a.<\/strong>&nbsp;\u00bfQu\u00e9 es Madrid si no es Espa\u00f1a? No es de nadie porque es de todos\u00bb. Frases que provocaron tambi\u00e9n mucha hilaridad en las redes sociales.<\/p>\n\n\n\n<p>Pero en esta ocasi\u00f3n, la mayor\u00eda de las cr\u00edticas se han centrado en la negaci\u00f3n de la igualdad ante la ley, que se ha interpretado por unos como un lapsus y por otros como una traici\u00f3n del subconsciente:<\/p>\n\n\n\n<figure><iframe allowfullscreen=\"true\" class=\"\" src=\"https:\/\/platform.twitter.com\/embed\/index.html?dnt=false&amp;embedId=twitter-widget-2&amp;frame=false&amp;hideCard=false&amp;hideThread=false&amp;id=1336998020668387330&amp;lang=es&amp;origin=https%3A%2F%2Factualidad.rt.com%2Factualidad%2F376592-escandaloso-discurso-presidenta-madrid-rey-emerito&amp;siteScreenName=ActualidadRT&amp;theme=light&amp;widgetsVersion=ed20a2b%3A1601588405575&amp;width=550px\"><\/iframe><\/figure>\n\n\n\n<figure><iframe allowfullscreen=\"true\" class=\"\" src=\"https:\/\/platform.twitter.com\/embed\/index.html?dnt=false&amp;embedId=twitter-widget-3&amp;frame=false&amp;hideCard=false&amp;hideThread=false&amp;id=1337051928388395009&amp;lang=es&amp;origin=https%3A%2F%2Factualidad.rt.com%2Factualidad%2F376592-escandaloso-discurso-presidenta-madrid-rey-emerito&amp;siteScreenName=ActualidadRT&amp;theme=light&amp;widgetsVersion=ed20a2b%3A1601588405575&amp;width=550px\"><\/iframe><\/figure>\n\n\n\n<p>Fuente: RT. <\/p>\n","protected":false},"excerpt":{"rendered":"<p>Despu\u00e9s de que este jueves trascendiera que el&nbsp;rey em\u00e9rito de Espa\u00f1a, Juan Carlos I, hab\u00eda&nbsp;regularizado su situaci\u00f3n fiscal&nbsp;pagando impuestos por unos fondos no declarados, la defensa que ha hecho la presidenta de la Comunidad de Madrid, Isabel D\u00edaz Ayuso, del&nbsp;exmonarca ha sorprendido a todo el mundo e indignado a una buena parte de la ciudadan\u00eda. [&hellip;]<\/p>\n","protected":false},"author":44079,"featured_media":72652,"comment_status":"open","ping_status":"open","sticky":false,"template":"","format":"standard","meta":{"footnotes":""},"categories":[85,43],"tags":[],"class_list":["post-72651","post","type-post","status-publish","format-standard","has-post-thumbnail","hentry","category-espana","category-politica"],"_links":{"self":[{"href":"https:\/\/2horizontes.com\/index.php?rest_route=\/wp\/v2\/posts\/72651","targetHints":{"allow":["GET"]}}],"collection":[{"href":"https:\/\/2horizontes.com\/index.php?rest_route=\/wp\/v2\/posts"}],"about":[{"href":"https:\/\/2horizontes.com\/index.php?rest_route=\/wp\/v2\/types\/post"}],"author":[{"embeddable":true,"href":"https:\/\/2horizontes.com\/index.php?rest_route=\/wp\/v2\/users\/44079"}],"replies":[{"embeddable":true,"href":"https:\/\/2horizontes.com\/index.php?rest_route=%2Fwp%2Fv2%2Fcomments&post=72651"}],"version-history":[{"count":1,"href":"https:\/\/2horizontes.com\/index.php?rest_route=\/wp\/v2\/posts\/72651\/revisions"}],"predecessor-version":[{"id":72653,"href":"https:\/\/2horizontes.com\/index.php?rest_route=\/wp\/v2\/posts\/72651\/revisions\/72653"}],"wp:featuredmedia":[{"embeddable":true,"href":"https:\/\/2horizontes.com\/index.php?rest_route=\/wp\/v2\/media\/72652"}],"wp:attachment":[{"href":"https:\/\/2horizontes.com\/index.php?rest_route=%2Fwp%2Fv2%2Fmedia&parent=72651"}],"wp:term":[{"taxonomy":"category","embeddable":true,"href":"https:\/\/2horizontes.com\/index.php?rest_route=%2Fwp%2Fv2%2Fcategories&post=72651"},{"taxonomy":"post_tag","embeddable":true,"href":"https:\/\/2horizontes.com\/index.php?rest_route=%2Fwp%2Fv2%2Ftags&post=72651"}],"curies":[{"name":"wp","href":"https:\/\/api.w.org\/{rel}","templated":true}]}}