{"id":72601,"date":"2020-12-07T20:48:39","date_gmt":"2020-12-07T19:48:39","guid":{"rendered":"http:\/\/2horizontes.com\/?p=72601"},"modified":"2020-12-07T20:48:41","modified_gmt":"2020-12-07T19:48:41","slug":"la-presidenta-de-madrid-provoca-una-oleada-de-burlas-tras-afirmar-que-con-el-nacimiento-de-cristo-se-funda-nuestra-civilizacion","status":"publish","type":"post","link":"https:\/\/2horizontes.com\/?p=72601","title":{"rendered":"La presidenta de Madrid provoca una oleada de burlas tras afirmar que \u00abcon el nacimiento de Cristo se funda nuestra civilizaci\u00f3n\u00bb"},"content":{"rendered":"\n<p>Numerosos usuarios de las redes sociales han reaccionado con estupor a varias de las afirmaciones vertidas por la presidenta de la Comunidad de Madrid, Isabel D\u00edaz Ayuso, en&nbsp;el discurso navide\u00f1o con el que inaugur\u00f3 el Bel\u00e9n de la ciudad la semana pasada.<\/p>\n\n\n\n<p>Afirmaciones imprecisas sobre la historia del catolicismo se mezclaron sin rubor con escandalosos&nbsp;<strong>disparates hist\u00f3ricos<\/strong>, en un discurso en el que lleg\u00f3 a afirmar que \u00abnuestra civilizaci\u00f3n\u00bb se funda \u00abcon el nacimiento de Cristo\u00bb.<\/p>\n\n\n\n<figure><iframe allowfullscreen=\"true\" class=\"\" src=\"https:\/\/platform.twitter.com\/embed\/index.html?dnt=false&amp;embedId=twitter-widget-0&amp;frame=false&amp;hideCard=false&amp;hideThread=false&amp;id=1335903550526910465&amp;lang=es&amp;origin=https%3A%2F%2Factualidad.rt.com%2Factualidad%2F376106-presidenta-madrid-burlas-twitter-cristo-civilizacion&amp;siteScreenName=ActualidadRT&amp;theme=light&amp;widgetsVersion=ed20a2b%3A1601588405575&amp;width=550px\"><\/iframe><\/figure>\n\n\n\n<p>La presidenta tambi\u00e9n se refiri\u00f3 a la celebraci\u00f3n de la Epifan\u00eda, \u00abla tradicional fiesta de los Reyes Magos\u00bb, como un s\u00edmbolo de \u00abla manifestaci\u00f3n de Dios a todos los pueblos de la tierra, a&nbsp;<strong>todas las razas: orientales, blancos y negros<\/strong>\u00ab.&nbsp;<\/p>\n\n\n\n<p>Las reacciones no se hicieron esperar. Muchos tuiteros&nbsp;expresaron que el contenido del discurso de Ayuso era una \u00abbarbaridad\u00bb y otros cuestionaron a su manera, casi siempre con humor, el rigor hist\u00f3rico de sus afirmaciones.<\/p>\n\n\n\n<figure><iframe allowfullscreen=\"true\" class=\"\" src=\"https:\/\/platform.twitter.com\/embed\/index.html?dnt=false&amp;embedId=twitter-widget-1&amp;frame=false&amp;hideCard=false&amp;hideThread=false&amp;id=1335720987329957891&amp;lang=es&amp;origin=https%3A%2F%2Factualidad.rt.com%2Factualidad%2F376106-presidenta-madrid-burlas-twitter-cristo-civilizacion&amp;siteScreenName=ActualidadRT&amp;theme=light&amp;widgetsVersion=ed20a2b%3A1601588405575&amp;width=550px\"><\/iframe><\/figure>\n\n\n\n<figure><iframe allowfullscreen=\"true\" class=\"\" src=\"https:\/\/platform.twitter.com\/embed\/index.html?dnt=false&amp;embedId=twitter-widget-2&amp;frame=false&amp;hideCard=false&amp;hideThread=false&amp;id=1335893904806318080&amp;lang=es&amp;origin=https%3A%2F%2Factualidad.rt.com%2Factualidad%2F376106-presidenta-madrid-burlas-twitter-cristo-civilizacion&amp;siteScreenName=ActualidadRT&amp;theme=light&amp;widgetsVersion=ed20a2b%3A1601588405575&amp;width=550px\"><\/iframe><\/figure>\n\n\n\n<p>Con respecto a la relaci\u00f3n que estableci\u00f3 la mandataria madrile\u00f1a entre el nacimiento de Cristo y el origen de \u00abnuestra civilizaci\u00f3n\u00bb, varios usuarios de la red social recordaron con humor a&nbsp;<strong>grandes figuras de la \u00e9poca cl\u00e1sica<\/strong>, en especial fil\u00f3sofos griegos y romanos, que&nbsp;formaron parte, siglos antes del nacimiento de Cristo,&nbsp;de las civilizaciones en las que s\u00ed se encuentra hist\u00f3ricamente el origen de la actual cultura occidental.<br><\/p>\n\n\n\n<figure><iframe allowfullscreen=\"true\" class=\"\" src=\"https:\/\/platform.twitter.com\/embed\/index.html?dnt=false&amp;embedId=twitter-widget-3&amp;frame=false&amp;hideCard=false&amp;hideThread=false&amp;id=1335901227645886465&amp;lang=es&amp;origin=https%3A%2F%2Factualidad.rt.com%2Factualidad%2F376106-presidenta-madrid-burlas-twitter-cristo-civilizacion&amp;siteScreenName=ActualidadRT&amp;theme=light&amp;widgetsVersion=ed20a2b%3A1601588405575&amp;width=550px\"><\/iframe><\/figure>\n\n\n\n<figure><iframe allowfullscreen=\"true\" class=\"\" src=\"https:\/\/platform.twitter.com\/embed\/index.html?dnt=false&amp;embedId=twitter-widget-4&amp;frame=false&amp;hideCard=false&amp;hideThread=false&amp;id=1335888251505291265&amp;lang=es&amp;origin=https%3A%2F%2Factualidad.rt.com%2Factualidad%2F376106-presidenta-madrid-burlas-twitter-cristo-civilizacion&amp;siteScreenName=ActualidadRT&amp;theme=light&amp;widgetsVersion=ed20a2b%3A1601588405575&amp;width=550px\"><\/iframe><\/figure>\n\n\n\n<p>Otros tuiteros cargaron m\u00e1s directamente contra el nivel cultural de la presidenta:<\/p>\n\n\n\n<figure><iframe allowfullscreen=\"true\" class=\"\" src=\"https:\/\/platform.twitter.com\/embed\/index.html?dnt=false&amp;embedId=twitter-widget-5&amp;frame=false&amp;hideCard=false&amp;hideThread=false&amp;id=1335889984964980739&amp;lang=es&amp;origin=https%3A%2F%2Factualidad.rt.com%2Factualidad%2F376106-presidenta-madrid-burlas-twitter-cristo-civilizacion&amp;siteScreenName=ActualidadRT&amp;theme=light&amp;widgetsVersion=ed20a2b%3A1601588405575&amp;width=550px\"><\/iframe><\/figure>\n\n\n\n<figure><iframe allowfullscreen=\"true\" class=\"\" src=\"https:\/\/platform.twitter.com\/embed\/index.html?dnt=false&amp;embedId=twitter-widget-6&amp;frame=false&amp;hideCard=false&amp;hideThread=false&amp;id=1335891620433190912&amp;lang=es&amp;origin=https%3A%2F%2Factualidad.rt.com%2Factualidad%2F376106-presidenta-madrid-burlas-twitter-cristo-civilizacion&amp;siteScreenName=ActualidadRT&amp;theme=light&amp;widgetsVersion=ed20a2b%3A1601588405575&amp;width=550px\"><\/iframe><\/figure>\n\n\n\n<p>\u00ab\u00bfEs Isabel D\u00edaz Ayuso la pol\u00edtica mas ignorante de la Historia de Espa\u00f1a?\u00bb, lleg\u00f3 a preguntar un tuitero.<\/p>\n\n\n\n<p>Fuente: RT. <\/p>\n","protected":false},"excerpt":{"rendered":"<p>Numerosos usuarios de las redes sociales han reaccionado con estupor a varias de las afirmaciones vertidas por la presidenta de la Comunidad de Madrid, Isabel D\u00edaz Ayuso, en&nbsp;el discurso navide\u00f1o con el que inaugur\u00f3 el Bel\u00e9n de la ciudad la semana pasada. Afirmaciones imprecisas sobre la historia del catolicismo se mezclaron sin rubor con escandalosos&nbsp;disparates [&hellip;]<\/p>\n","protected":false},"author":44079,"featured_media":72602,"comment_status":"open","ping_status":"open","sticky":false,"template":"","format":"standard","meta":{"footnotes":""},"categories":[85],"tags":[],"class_list":["post-72601","post","type-post","status-publish","format-standard","has-post-thumbnail","hentry","category-espana"],"_links":{"self":[{"href":"https:\/\/2horizontes.com\/index.php?rest_route=\/wp\/v2\/posts\/72601","targetHints":{"allow":["GET"]}}],"collection":[{"href":"https:\/\/2horizontes.com\/index.php?rest_route=\/wp\/v2\/posts"}],"about":[{"href":"https:\/\/2horizontes.com\/index.php?rest_route=\/wp\/v2\/types\/post"}],"author":[{"embeddable":true,"href":"https:\/\/2horizontes.com\/index.php?rest_route=\/wp\/v2\/users\/44079"}],"replies":[{"embeddable":true,"href":"https:\/\/2horizontes.com\/index.php?rest_route=%2Fwp%2Fv2%2Fcomments&post=72601"}],"version-history":[{"count":1,"href":"https:\/\/2horizontes.com\/index.php?rest_route=\/wp\/v2\/posts\/72601\/revisions"}],"predecessor-version":[{"id":72603,"href":"https:\/\/2horizontes.com\/index.php?rest_route=\/wp\/v2\/posts\/72601\/revisions\/72603"}],"wp:featuredmedia":[{"embeddable":true,"href":"https:\/\/2horizontes.com\/index.php?rest_route=\/wp\/v2\/media\/72602"}],"wp:attachment":[{"href":"https:\/\/2horizontes.com\/index.php?rest_route=%2Fwp%2Fv2%2Fmedia&parent=72601"}],"wp:term":[{"taxonomy":"category","embeddable":true,"href":"https:\/\/2horizontes.com\/index.php?rest_route=%2Fwp%2Fv2%2Fcategories&post=72601"},{"taxonomy":"post_tag","embeddable":true,"href":"https:\/\/2horizontes.com\/index.php?rest_route=%2Fwp%2Fv2%2Ftags&post=72601"}],"curies":[{"name":"wp","href":"https:\/\/api.w.org\/{rel}","templated":true}]}}